{"id":214929,"date":"2012-12-16T18:46:51","date_gmt":"2012-12-16T18:46:51","guid":{"rendered":"http:\/\/diariodominicano.ddns.net\/?p=214929"},"modified":"2012-12-16T18:46:51","modified_gmt":"2012-12-16T18:46:51","slug":"robinson-cano-y-jaime-david-fernandez-mirabal-encabezan-el-convivio-de-atletismo-spm","status":"publish","type":"post","link":"https:\/\/diariodominicano.com\/?p=214929","title":{"rendered":"Robinson Can\u00f3 y Jaime David Fern\u00e1ndez  Mirabal encabezan el convivio de atletismo SPM"},"content":{"rendered":"<p><body><\/p>\n<p>San Pedro de Macor\u00eds, RD 16 diciembre.- El estelar segunda base de los Yanquis de Nueva York, Robinson Can\u00f3, encabez\u00f3 ayer al Ministro de Deportes, Jaime David Fern\u00e1ndez Mirabal, la celebraci\u00f3n del Convivio de Atletismo con la participaci\u00f3n de m\u00e1s de 450 atletas entre 10 y 17 a\u00f1os en la pista de Atletismo del Complejo Deportivo de aqu\u00ed.<\/p>\n<\/p>\n<p>Can\u00f3, quien a su llegada fue recibido por el titular de Deportes y el presidente de la Federaci\u00f3n Dominicana de Asociaciones de Atletismo, Gerardo Suero Correa, manifest\u00f3 que estaba muy contento al ver una gran cantidad de ni\u00f1os, ni\u00f1as y jovencitos haciendo deporte de manera organizada, todos uniformados y con muchos monitores y entrenadores brind\u00e1ndole apoyo.<\/p>\n<\/p>\n<p>Subray\u00f3 que disfrut\u00f3 varias carreras de ni\u00f1as de 10 y 11 a\u00f1os de los diferentes pueblos de la Regi\u00f3n Este y pudo ver que a corta edad comienzan a dominar las t\u00e9cnicas del atletismo en sus diferentes modalidades. \u00abHe visto en la prensa otros convivios en otras provincias y eso es muy positivo\u00bb, enfatiz\u00f3.<\/p>\n<\/p>\n<p>En la justa participaron atletas de las Provincias de San Pedro de Macor\u00eds, Hato Mayor, El Seybo, La Altagracia, Hig\u00fcey, La Romana, Bayaguana, Miches y Monte Plata.<\/p>\n<\/p>\n<p>En iguales t\u00e9rminos se dirigi\u00f3 el Gobernador Provincial de San Pedro de Macor\u00eds, el se\u00f1or F\u00e9lix de los Santos, quien afirm\u00f3 que esta labor que realiza el Ministerio de Deportes, liderado por Jaime David Fern\u00e1ndez Mirabal y el apoyo de la Federaci\u00f3n de Atletismo, es digna de elogios.<\/p>\n<\/p>\n<p>El Ministro de Deportes, Jaime David Fern\u00e1ndez Mirabal, agradeci\u00f3 el gesto del brillante pelotero dominicano, Robinson Can\u00f3, de los Yanquis de Nueva York y oriundo de San Pedro de Macor\u00eds, por venir a compartir con cientos de ni\u00f1os y j\u00f3venes en el inicio de este Convivio.<\/p>\n<\/p>\n<p>Inauguran hoy pista Bicicross<\/p>\n<p>El Ministro de Deportes, Jaime David Fern\u00e1ndez Mirabal, invit\u00f3 a la familia dominicana a que se den cita hoy domingo a las 10 de la ma\u00f1ana en el Centro Ol\u00edmpico, justamente detr\u00e1s del Edificio del Ministerio de Deportes, donde se inaugurar\u00e1 una Pista de Bicicross que ha levantado junto a la Federaci\u00f3n de Ciclismo que dirige el ingeniero Juan Luis Rodr\u00edguez.<\/p>\n<\/p>\n<h6> 2012-12-16 18:46:51 <\/h6>\n<p><!--\n<link rel=\"stylesheet\" href=\"css\/bootstrap.min.css\">\n\n\n<ul class=\"pagination\">\n\t    \n\t\n\n<li >\n\t<a href='?page_no=22038'>Previous<\/a>\n\t<\/li>\n\n\n       \n    \n\n<li><a href='?page_no=1'>1<\/a><\/li>\n\n\n\n<li><a href='?page_no=2'>2<\/a><\/li>\n\n\n\n<li><a>...<\/a><\/li>\n\n\n\n<li><a href='?page_no=22037'>22037<\/a><\/li>\n\n\n\n<li><a href='?page_no=22038'>22038<\/a><\/li>\n\n\n\n<li class='active'><a>22039<\/a><\/li>\n\n\n\n<li><a href='?page_no=22040'>22040<\/a><\/li>\n\n\n\n<li><a href='?page_no=22041'>22041<\/a><\/li>\n\n\n\n<li><a>...<\/a><\/li>\n\n\n\n<li><a href='?page_no=36618'>36618<\/a><\/li>\n\n\n\n<li><a href='?page_no=36619'>36619<\/a><\/li>\n\n    \n\t\n\n<li >\n\t<a href='?page_no=22040'>Next<\/a>\n\t<\/li>\n\n\n    \n\n<li><a href='?page_no=36619'>Last &rsaquo;&rsaquo;<\/a><\/li>\n\n<\/ul>\n\n\n--><br \/>\n<\/body><\/p>\n","protected":false},"excerpt":{"rendered":"<p>San Pedro de Macor\u00eds, RD 16 diciembre.- El estelar segunda base de los Yanquis de Nueva York, Robinson Can\u00f3, encabez\u00f3 ayer al Ministro de Deportes, Jaime David Fern\u00e1ndez Mirabal, la celebraci\u00f3n del Convivio de Atletismo con la participaci\u00f3n de m\u00e1s de 450 atletas entre 10 y 17 a\u00f1os en la pista de Atletismo del Complejo [&hellip;]<\/p>\n","protected":false},"author":3,"featured_media":0,"comment_status":"open","ping_status":"open","sticky":false,"template":"","format":"standard","meta":{"footnotes":""},"categories":[17],"tags":[],"class_list":["post-214929","post","type-post","status-publish","format-standard","hentry","category-deportes"],"_links":{"self":[{"href":"https:\/\/diariodominicano.com\/index.php?rest_route=\/wp\/v2\/posts\/214929","targetHints":{"allow":["GET"]}}],"collection":[{"href":"https:\/\/diariodominicano.com\/index.php?rest_route=\/wp\/v2\/posts"}],"about":[{"href":"https:\/\/diariodominicano.com\/index.php?rest_route=\/wp\/v2\/types\/post"}],"author":[{"embeddable":true,"href":"https:\/\/diariodominicano.com\/index.php?rest_route=\/wp\/v2\/users\/3"}],"replies":[{"embeddable":true,"href":"https:\/\/diariodominicano.com\/index.php?rest_route=%2Fwp%2Fv2%2Fcomments&post=214929"}],"version-history":[{"count":0,"href":"https:\/\/diariodominicano.com\/index.php?rest_route=\/wp\/v2\/posts\/214929\/revisions"}],"wp:attachment":[{"href":"https:\/\/diariodominicano.com\/index.php?rest_route=%2Fwp%2Fv2%2Fmedia&parent=214929"}],"wp:term":[{"taxonomy":"category","embeddable":true,"href":"https:\/\/diariodominicano.com\/index.php?rest_route=%2Fwp%2Fv2%2Fcategories&post=214929"},{"taxonomy":"post_tag","embeddable":true,"href":"https:\/\/diariodominicano.com\/index.php?rest_route=%2Fwp%2Fv2%2Ftags&post=214929"}],"curies":[{"name":"wp","href":"https:\/\/api.w.org\/{rel}","templated":true}]}}