{"id":214924,"date":"2012-12-17T13:57:35","date_gmt":"2012-12-17T13:57:35","guid":{"rendered":"http:\/\/diariodominicano.ddns.net\/?p=214924"},"modified":"2012-12-17T13:57:35","modified_gmt":"2012-12-17T13:57:35","slug":"william-guzman-del-equipo-asocipe-moca-gana-xix-vuelta-al-valle","status":"publish","type":"post","link":"https:\/\/diariodominicano.com\/?p=214924","title":{"rendered":"William Guzm\u00e1n del equipo Asocipe-Moca gana XIX Vuelta al Valle"},"content":{"rendered":"<p><body><\/p>\n<p>La Vega, RD 17 diciembre.- El novel ciclista William Guzm\u00e1n, del equipo Asocipe-Moca, se convirti\u00f3 en el amo y se\u00f1or de la XIX versi\u00f3n de la Vuelta Cicl\u00edstica al Valle del Cibao, justa que tuvo una especial dedicatoria al ingeniero Julio C\u00e9sar Correa, administrador general de Edenorte.<\/p>\n<\/p>\n<p>Guzm\u00e1n se llev\u00f3 los premios en individual general, metas volantes, as\u00ed como de monta\u00f1a.<\/p>\n<\/p>\n<p>Guzm\u00e1n hizo un tiempo de cinco horas, 28 minutos y 16 segundos para liderar la vuelta.<\/p>\n<\/p>\n<p>El joven pedalista fue escoltado por Ismael Collado, de Cicl\u00f3n Bike Santiago y Robert P\u00e9rez, de Aro &amp;amp; Pedal, quienes llegaron en segundo y tercer lugar de la   justa, respectivamente.<\/p>\n<\/p>\n<p>En tanto que Ismael S\u00e1nchez, de la Comisi\u00f3n Nacional de Energ\u00eda de La Vega, finaliz\u00f3 en cuarto lugar y Anthony Rodr\u00edguez, de Asocipe, culmin\u00f3 en quinto puesto.<\/p>\n<\/p>\n<p>El equipo Cicl\u00f3n Bike, de Santiago de los Caballeros, conquist\u00f3 el primer lugar de la justa general, al compilar un tiempo de 16 horas, 38 minutos y 23 segundos, seguido de la cuarteta de Asocipe, de Moca, con registro de 16 horas, 39 minutos y 24 segundos.<\/p>\n<\/p>\n<h6> 2012-12-17 13:57:35 <\/h6>\n<p><!--\n<link rel=\"stylesheet\" href=\"css\/bootstrap.min.css\">\n\n\n<ul class=\"pagination\">\n\t    \n\t\n\n<li >\n\t<a href='?page_no=22033'>Previous<\/a>\n\t<\/li>\n\n\n       \n    \n\n<li><a href='?page_no=1'>1<\/a><\/li>\n\n\n\n<li><a href='?page_no=2'>2<\/a><\/li>\n\n\n\n<li><a>...<\/a><\/li>\n\n\n\n<li><a href='?page_no=22032'>22032<\/a><\/li>\n\n\n\n<li><a href='?page_no=22033'>22033<\/a><\/li>\n\n\n\n<li class='active'><a>22034<\/a><\/li>\n\n\n\n<li><a href='?page_no=22035'>22035<\/a><\/li>\n\n\n\n<li><a href='?page_no=22036'>22036<\/a><\/li>\n\n\n\n<li><a>...<\/a><\/li>\n\n\n\n<li><a href='?page_no=36618'>36618<\/a><\/li>\n\n\n\n<li><a href='?page_no=36619'>36619<\/a><\/li>\n\n    \n\t\n\n<li >\n\t<a href='?page_no=22035'>Next<\/a>\n\t<\/li>\n\n\n    \n\n<li><a href='?page_no=36619'>Last &rsaquo;&rsaquo;<\/a><\/li>\n\n<\/ul>\n\n\n--><br \/>\n<\/body><\/p>\n","protected":false},"excerpt":{"rendered":"<p>La Vega, RD 17 diciembre.- El novel ciclista William Guzm\u00e1n, del equipo Asocipe-Moca, se convirti\u00f3 en el amo y se\u00f1or de la XIX versi\u00f3n de la Vuelta Cicl\u00edstica al Valle del Cibao, justa que tuvo una especial dedicatoria al ingeniero Julio C\u00e9sar Correa, administrador general de Edenorte. Guzm\u00e1n se llev\u00f3 los premios en individual general, [&hellip;]<\/p>\n","protected":false},"author":3,"featured_media":0,"comment_status":"open","ping_status":"open","sticky":false,"template":"","format":"standard","meta":{"footnotes":""},"categories":[17],"tags":[],"class_list":["post-214924","post","type-post","status-publish","format-standard","hentry","category-deportes"],"_links":{"self":[{"href":"https:\/\/diariodominicano.com\/index.php?rest_route=\/wp\/v2\/posts\/214924","targetHints":{"allow":["GET"]}}],"collection":[{"href":"https:\/\/diariodominicano.com\/index.php?rest_route=\/wp\/v2\/posts"}],"about":[{"href":"https:\/\/diariodominicano.com\/index.php?rest_route=\/wp\/v2\/types\/post"}],"author":[{"embeddable":true,"href":"https:\/\/diariodominicano.com\/index.php?rest_route=\/wp\/v2\/users\/3"}],"replies":[{"embeddable":true,"href":"https:\/\/diariodominicano.com\/index.php?rest_route=%2Fwp%2Fv2%2Fcomments&post=214924"}],"version-history":[{"count":0,"href":"https:\/\/diariodominicano.com\/index.php?rest_route=\/wp\/v2\/posts\/214924\/revisions"}],"wp:attachment":[{"href":"https:\/\/diariodominicano.com\/index.php?rest_route=%2Fwp%2Fv2%2Fmedia&parent=214924"}],"wp:term":[{"taxonomy":"category","embeddable":true,"href":"https:\/\/diariodominicano.com\/index.php?rest_route=%2Fwp%2Fv2%2Fcategories&post=214924"},{"taxonomy":"post_tag","embeddable":true,"href":"https:\/\/diariodominicano.com\/index.php?rest_route=%2Fwp%2Fv2%2Ftags&post=214924"}],"curies":[{"name":"wp","href":"https:\/\/api.w.org\/{rel}","templated":true}]}}