{"id":214920,"date":"2012-12-17T14:16:41","date_gmt":"2012-12-17T14:16:41","guid":{"rendered":"http:\/\/diariodominicano.ddns.net\/?p=214920"},"modified":"2012-12-17T14:16:41","modified_gmt":"2012-12-17T14:16:41","slug":"club-los-mina-hara-cena-hoy","status":"publish","type":"post","link":"https:\/\/diariodominicano.com\/?p=214920","title":{"rendered":"Club Los Mina  har\u00e1 cena hoy"},"content":{"rendered":"<p><body><\/p>\n<p>Santo Domingo RD 17 diciembre.- La tradicional Cena Navide\u00f1a que cada a\u00f1o para esta fecha celebra la directiva del Club Deportivo y Cultural Los Mina, se llevar\u00e1 a cabo este lunes a las siete de la noche en el remodelado techado enclavo en las esquinas de las calles Juan Pablo Duarte con Marcos del Rosario, en Los Mina.<\/p>\n<\/p>\n<p>Ronny Jaquez y Tolben Jaquez, Inmortal del Deporte de la Provincia Santo Domingo, afirmaron que han venido trabajando en la organizaci\u00f3n de la Cena Navide\u00f1a, a la cual han sido invitados  personalidades del deporte nacional y de la Provincia Santo Domingo, tanto en el orden municipal, congresual, empresarial y deportivo.<\/p>\n<\/p>\n<p>\u00abEste a\u00f1o tendremos mejores condiciones ya que desde hace varios meses tenemos  nuestro club totalmente remodelado con buenas facilidades para recibir a nuestros amigos, relacionados, clubistas, empresarios, deportistas, periodistas y la gran familia del club Los Mina\u00bb, adujo Tolben Jaquez.<\/p>\n<\/p>\n<p>Indic\u00f3 que ser\u00e1 un encuentro que servir\u00e1- nueva vez, para intercambiar impresiones y compartir con viejos amigos de la entidad.<\/p>\n<\/p>\n<h6> 2012-12-17 14:16:41 <\/h6>\n<p><!--\n<link rel=\"stylesheet\" href=\"css\/bootstrap.min.css\">\n\n\n<ul class=\"pagination\">\n\t    \n\t\n\n<li >\n\t<a href='?page_no=22029'>Previous<\/a>\n\t<\/li>\n\n\n       \n    \n\n<li><a href='?page_no=1'>1<\/a><\/li>\n\n\n\n<li><a href='?page_no=2'>2<\/a><\/li>\n\n\n\n<li><a>...<\/a><\/li>\n\n\n\n<li><a href='?page_no=22028'>22028<\/a><\/li>\n\n\n\n<li><a href='?page_no=22029'>22029<\/a><\/li>\n\n\n\n<li class='active'><a>22030<\/a><\/li>\n\n\n\n<li><a href='?page_no=22031'>22031<\/a><\/li>\n\n\n\n<li><a href='?page_no=22032'>22032<\/a><\/li>\n\n\n\n<li><a>...<\/a><\/li>\n\n\n\n<li><a href='?page_no=36618'>36618<\/a><\/li>\n\n\n\n<li><a href='?page_no=36619'>36619<\/a><\/li>\n\n    \n\t\n\n<li >\n\t<a href='?page_no=22031'>Next<\/a>\n\t<\/li>\n\n\n    \n\n<li><a href='?page_no=36619'>Last &rsaquo;&rsaquo;<\/a><\/li>\n\n<\/ul>\n\n\n--><br \/>\n<\/body><\/p>\n","protected":false},"excerpt":{"rendered":"<p>Santo Domingo RD 17 diciembre.- La tradicional Cena Navide\u00f1a que cada a\u00f1o para esta fecha celebra la directiva del Club Deportivo y Cultural Los Mina, se llevar\u00e1 a cabo este lunes a las siete de la noche en el remodelado techado enclavo en las esquinas de las calles Juan Pablo Duarte con Marcos del Rosario, [&hellip;]<\/p>\n","protected":false},"author":3,"featured_media":0,"comment_status":"open","ping_status":"open","sticky":false,"template":"","format":"standard","meta":{"footnotes":""},"categories":[17],"tags":[],"class_list":["post-214920","post","type-post","status-publish","format-standard","hentry","category-deportes"],"_links":{"self":[{"href":"https:\/\/diariodominicano.com\/index.php?rest_route=\/wp\/v2\/posts\/214920","targetHints":{"allow":["GET"]}}],"collection":[{"href":"https:\/\/diariodominicano.com\/index.php?rest_route=\/wp\/v2\/posts"}],"about":[{"href":"https:\/\/diariodominicano.com\/index.php?rest_route=\/wp\/v2\/types\/post"}],"author":[{"embeddable":true,"href":"https:\/\/diariodominicano.com\/index.php?rest_route=\/wp\/v2\/users\/3"}],"replies":[{"embeddable":true,"href":"https:\/\/diariodominicano.com\/index.php?rest_route=%2Fwp%2Fv2%2Fcomments&post=214920"}],"version-history":[{"count":0,"href":"https:\/\/diariodominicano.com\/index.php?rest_route=\/wp\/v2\/posts\/214920\/revisions"}],"wp:attachment":[{"href":"https:\/\/diariodominicano.com\/index.php?rest_route=%2Fwp%2Fv2%2Fmedia&parent=214920"}],"wp:term":[{"taxonomy":"category","embeddable":true,"href":"https:\/\/diariodominicano.com\/index.php?rest_route=%2Fwp%2Fv2%2Fcategories&post=214920"},{"taxonomy":"post_tag","embeddable":true,"href":"https:\/\/diariodominicano.com\/index.php?rest_route=%2Fwp%2Fv2%2Ftags&post=214920"}],"curies":[{"name":"wp","href":"https:\/\/api.w.org\/{rel}","templated":true}]}}