{"id":214913,"date":"2012-12-17T22:03:41","date_gmt":"2012-12-17T22:03:41","guid":{"rendered":"http:\/\/diariodominicano.ddns.net\/?p=214913"},"modified":"2012-12-17T22:03:41","modified_gmt":"2012-12-17T22:03:41","slug":"deportes-y-el-conape-planean-actividades-para-envejecientes","status":"publish","type":"post","link":"https:\/\/diariodominicano.com\/?p=214913","title":{"rendered":"Deportes y el CONAPE planean actividades para envejecientes"},"content":{"rendered":"<p><body><\/p>\n<p><span class=\"text1noticias\">Rep. Dom. 17 de Diciembre.-El Ministro de Deportes y el Consejo Nacional de la Persona Envejeciente organizar\u00e1n una serie de actividades durante el 2013 en busca de que este sector de la sociedad logre una mejor calidad de vida, as\u00ed como un programa especial con motivo del Bicentenario del Patricio Juan Pablo Duarte.<\/span><\/p>\n<\/p>\n<p><span class=\"text1noticias\">La explicaci\u00f3n la dio el ministro doctor Jaime David Fern\u00e1ndez Mirabal, al t\u00e9rmino de una visita que hizo a su despacho la presidenta del CONAPE, licenciada Nathalie Mar\u00eda, con la que esboz\u00f3 una serie de actividades que se podr\u00edan realizar para beneficio de las personas mayores.<\/span><\/p>\n<\/p>\n<p><span class=\"text1noticias\">Indici\u00f3 que la titular del Consejo \u00abvino a coordinar con el Ministerio de Deportes las actividades que se organizar\u00e1n en el 2013 para aumentar y mejorar las oportunidades y los espacios para que personas de la tercera edad se mantengan en mayor actividad f\u00edsica, como una contribuci\u00f3n a mejorar su calidad de vida, mejorando su salud\u00bb.<\/span><\/p>\n<\/p>\n<p><span class=\"text1noticias\">En compa\u00f1\u00eda de la legendaria figura del arte y la locuci\u00f3n dominicana, do\u00f1a Mar\u00eda Cristina Camilo, y del viceministro de Deportes Soterio Ram\u00edrez, el doctor Fern\u00e1ndez Mirabal y la licenciada Mar\u00eda explicaron la intenci\u00f3n de promover un programa especial para el entrante 2013, con motivo del Bicentenario de Duarte, que se conmemora el 26 de enero.<\/span><\/p>\n<\/p>\n<p><span class=\"text1noticias\">Entre las actividades que en principio se podr\u00edan realizar en beneficio de las personas de la tercera edad (las que sobrepasan los 64 a\u00f1os), mencionaron torneos de domin\u00f3, ajedrez, baile, nataci\u00f3n, caminatas y otras que ameritan menor movimiento.<\/span><\/p>\n<\/p>\n<p><span class=\"text1noticias\">Establecieron que el Consejo redactar\u00e1 un documento con la declaraci\u00f3n de intenciones, que estipule todo lo que pretenden hacer con el sector de los envejecientes y el programa para ellos con motivo del Bicentenario del Patricio.(HG)<\/span>..<\/p>\n<h6> 2012-12-17 22:03:41 <\/h6>\n<p><!--\n<link rel=\"stylesheet\" href=\"css\/bootstrap.min.css\">\n\n\n<ul class=\"pagination\">\n\t    \n\t\n\n<li >\n\t<a href='?page_no=22022'>Previous<\/a>\n\t<\/li>\n\n\n       \n    \n\n<li><a href='?page_no=1'>1<\/a><\/li>\n\n\n\n<li><a href='?page_no=2'>2<\/a><\/li>\n\n\n\n<li><a>...<\/a><\/li>\n\n\n\n<li><a href='?page_no=22021'>22021<\/a><\/li>\n\n\n\n<li><a href='?page_no=22022'>22022<\/a><\/li>\n\n\n\n<li class='active'><a>22023<\/a><\/li>\n\n\n\n<li><a href='?page_no=22024'>22024<\/a><\/li>\n\n\n\n<li><a href='?page_no=22025'>22025<\/a><\/li>\n\n\n\n<li><a>...<\/a><\/li>\n\n\n\n<li><a href='?page_no=36618'>36618<\/a><\/li>\n\n\n\n<li><a href='?page_no=36619'>36619<\/a><\/li>\n\n    \n\t\n\n<li >\n\t<a href='?page_no=22024'>Next<\/a>\n\t<\/li>\n\n\n    \n\n<li><a href='?page_no=36619'>Last &rsaquo;&rsaquo;<\/a><\/li>\n\n<\/ul>\n\n\n--><br \/>\n<\/body><\/p>\n","protected":false},"excerpt":{"rendered":"<p>Rep. Dom. 17 de Diciembre.-El Ministro de Deportes y el Consejo Nacional de la Persona Envejeciente organizar\u00e1n una serie de actividades durante el 2013 en busca de que este sector de la sociedad logre una mejor calidad de vida, as\u00ed como un programa especial con motivo del Bicentenario del Patricio Juan Pablo Duarte. La explicaci\u00f3n [&hellip;]<\/p>\n","protected":false},"author":3,"featured_media":0,"comment_status":"open","ping_status":"open","sticky":false,"template":"","format":"standard","meta":{"footnotes":""},"categories":[17],"tags":[],"class_list":["post-214913","post","type-post","status-publish","format-standard","hentry","category-deportes"],"_links":{"self":[{"href":"https:\/\/diariodominicano.com\/index.php?rest_route=\/wp\/v2\/posts\/214913","targetHints":{"allow":["GET"]}}],"collection":[{"href":"https:\/\/diariodominicano.com\/index.php?rest_route=\/wp\/v2\/posts"}],"about":[{"href":"https:\/\/diariodominicano.com\/index.php?rest_route=\/wp\/v2\/types\/post"}],"author":[{"embeddable":true,"href":"https:\/\/diariodominicano.com\/index.php?rest_route=\/wp\/v2\/users\/3"}],"replies":[{"embeddable":true,"href":"https:\/\/diariodominicano.com\/index.php?rest_route=%2Fwp%2Fv2%2Fcomments&post=214913"}],"version-history":[{"count":0,"href":"https:\/\/diariodominicano.com\/index.php?rest_route=\/wp\/v2\/posts\/214913\/revisions"}],"wp:attachment":[{"href":"https:\/\/diariodominicano.com\/index.php?rest_route=%2Fwp%2Fv2%2Fmedia&parent=214913"}],"wp:term":[{"taxonomy":"category","embeddable":true,"href":"https:\/\/diariodominicano.com\/index.php?rest_route=%2Fwp%2Fv2%2Fcategories&post=214913"},{"taxonomy":"post_tag","embeddable":true,"href":"https:\/\/diariodominicano.com\/index.php?rest_route=%2Fwp%2Fv2%2Ftags&post=214913"}],"curies":[{"name":"wp","href":"https:\/\/api.w.org\/{rel}","templated":true}]}}