{"id":214910,"date":"2012-12-17T22:55:58","date_gmt":"2012-12-17T22:55:58","guid":{"rendered":"http:\/\/diariodominicano.ddns.net\/?p=214910"},"modified":"2012-12-17T22:55:58","modified_gmt":"2012-12-17T22:55:58","slug":"ary-graca-pide-a-gobiernos-ser-aliados-del-voleibol","status":"publish","type":"post","link":"https:\/\/diariodominicano.com\/?p=214910","title":{"rendered":"Ary Graca pide a gobiernos ser aliados del voleibol &#13;&#13;"},"content":{"rendered":"<p><body><\/p>\n<p><span class=\"text1noticias\">R\u00edo de Janeiro, Brasil, 17 de diciembre de 2012 &#8211; El primer Comit\u00e9 Ejecutivo de la FIVB bajo la nueva presidencia del Dr. Ary Gra\u00e7a F \u00b0 S. se puso en marcha en R\u00edo de Janeiro, Brasil, con el Presidente de la FIVB dando la bienvenida a todos los miembros, incluyendo el Presidente Honorario Vitalicio de la FIVB Jizhong Wei, a su casa, donde se realiz\u00f3 la reuni\u00f3n de un d\u00eda.<\/span><\/p>\n<\/p>\n<p><span class=\"text1noticias\">\u00abEs un placer para m\u00ed recibir a todos en mi casa, con mi familia \u00ab, dijo el presidente Gra\u00e7a. \u00abPensemos y so\u00f1emos todos juntos, sobre voleibol\u00bb.<\/span><\/p>\n<\/p>\n<p><span class=\"text1noticias\">Y abund\u00f3: \u00abNuestra imagen es esencial. Tenemos que invertir internamente &#8211; debemos utilizar los m\u00e9todos de gobierno corporativo en relaci\u00f3n a trabajar honestamente con transparencia. Tambi\u00e9n tenemos que invertir externamente ? en el desarrollo de una imagen para el p\u00fablico, los espectadores, los patrocinadores, los gobiernos, las familias y las comunidades, que consumen deporte. Tenemos que estar constantemente construyendo nuestra imagen de la mejor manera posible.\u00bb.<\/span><\/p>\n<\/p>\n<p><span class=\"text1noticias\">Graca afirm\u00f3 que de manera cuidadosa y continuamente trabajar el voleibol, como una flor, que, como cualquier cosa de belleza, necesita el mejor tratamiento\u00bb.<\/span><\/p>\n<\/p>\n<p><span class=\"text1noticias\">\u00abLos gobiernos puede ser a menudo nuestros mejores aliados. Ellos pueden entender t\u00e9cnicamente los proyectos e inversiones\u00bb.<\/span><\/p>\n<\/p>\n<p><span class=\"text1noticias\">\u00abPara el vigor del voleibol, necesitamos y debemos invertir en los gerentes. Los gerentes son los que consolidan e integran la producci\u00f3n en cinco puntos: materia prima, capital, recursos humanos, talento empresarial y la hora. Cada pa\u00eds debe encontrar la manera de atraer, formar y motivar a los mejores gerentes de voleibol que puedan mantener a su federaci\u00f3n nacional. Y para las federaciones nacionales el gerente es el n\u00facleo de la estrategia del voleibol, para el crecimiento y la expansi\u00f3n.<\/span><\/p>\n<\/p>\n<p><span class=\"text1noticias\">Recalc\u00f3 que los gerentes son muy escasos, por lo que la FIVB puede ofrecer cursos de formaci\u00f3n, seminarios y reuniones a trav\u00e9s de las distintas universidades corporativas.<\/span><\/p>\n<\/p>\n<p><span class=\"text1noticias\">\u00abTambi\u00e9n tenemos que invertir en los atletas, en su primera etapa de la vida, con buenas escuelas, gimnasios, instalaciones deportivas, clubes y en cualquier otro lugar donde el voleibol se impone ante la gente como punto de reuni\u00f3n y conversaci\u00f3n. La proactividad es todo.<\/span><\/p>\n<\/p>\n<p><span class=\"text1noticias\">\u00abMi \u00faltimo mensaje es este: El voleibol es un deporte fant\u00e1stico, pero necesita tu en\u00e9rgica proactividad para incrementarse, expandirse y existir.\u00bb<\/span><\/p>\n<\/p>\n<p><span class=\"text1noticias\">Los puntos clave de la agenda de la reuni\u00f3n incluy\u00f3 el informe de los 100 d\u00edas del Presidente, la presentaci\u00f3n de propuestas de la Comisi\u00f3n de Finanzas, Consejo de Eventos Deportivos, Consejo de la Liga Mundial, Consejo del Grand Prix Mundial y consejo del Tour de Voleibol Playa Mundial.(HG)<\/span>. <\/p>\n<\/p>\n<\/p>\n<\/p>\n<\/p>\n<h6> 2012-12-17 22:55:58 <\/h6>\n<p><!--\n<link rel=\"stylesheet\" href=\"css\/bootstrap.min.css\">\n\n\n<ul class=\"pagination\">\n\t    \n\t\n\n<li >\n\t<a href='?page_no=22019'>Previous<\/a>\n\t<\/li>\n\n\n       \n    \n\n<li><a href='?page_no=1'>1<\/a><\/li>\n\n\n\n<li><a href='?page_no=2'>2<\/a><\/li>\n\n\n\n<li><a>...<\/a><\/li>\n\n\n\n<li><a href='?page_no=22018'>22018<\/a><\/li>\n\n\n\n<li><a href='?page_no=22019'>22019<\/a><\/li>\n\n\n\n<li class='active'><a>22020<\/a><\/li>\n\n\n\n<li><a href='?page_no=22021'>22021<\/a><\/li>\n\n\n\n<li><a href='?page_no=22022'>22022<\/a><\/li>\n\n\n\n<li><a>...<\/a><\/li>\n\n\n\n<li><a href='?page_no=36618'>36618<\/a><\/li>\n\n\n\n<li><a href='?page_no=36619'>36619<\/a><\/li>\n\n    \n\t\n\n<li >\n\t<a href='?page_no=22021'>Next<\/a>\n\t<\/li>\n\n\n    \n\n<li><a href='?page_no=36619'>Last &rsaquo;&rsaquo;<\/a><\/li>\n\n<\/ul>\n\n\n--><br \/>\n<\/body><\/p>\n","protected":false},"excerpt":{"rendered":"<p>R\u00edo de Janeiro, Brasil, 17 de diciembre de 2012 &#8211; El primer Comit\u00e9 Ejecutivo de la FIVB bajo la nueva presidencia del Dr. Ary Gra\u00e7a F \u00b0 S. se puso en marcha en R\u00edo de Janeiro, Brasil, con el Presidente de la FIVB dando la bienvenida a todos los miembros, incluyendo el Presidente Honorario Vitalicio [&hellip;]<\/p>\n","protected":false},"author":3,"featured_media":0,"comment_status":"open","ping_status":"open","sticky":false,"template":"","format":"standard","meta":{"footnotes":""},"categories":[17],"tags":[],"class_list":["post-214910","post","type-post","status-publish","format-standard","hentry","category-deportes"],"_links":{"self":[{"href":"https:\/\/diariodominicano.com\/index.php?rest_route=\/wp\/v2\/posts\/214910","targetHints":{"allow":["GET"]}}],"collection":[{"href":"https:\/\/diariodominicano.com\/index.php?rest_route=\/wp\/v2\/posts"}],"about":[{"href":"https:\/\/diariodominicano.com\/index.php?rest_route=\/wp\/v2\/types\/post"}],"author":[{"embeddable":true,"href":"https:\/\/diariodominicano.com\/index.php?rest_route=\/wp\/v2\/users\/3"}],"replies":[{"embeddable":true,"href":"https:\/\/diariodominicano.com\/index.php?rest_route=%2Fwp%2Fv2%2Fcomments&post=214910"}],"version-history":[{"count":0,"href":"https:\/\/diariodominicano.com\/index.php?rest_route=\/wp\/v2\/posts\/214910\/revisions"}],"wp:attachment":[{"href":"https:\/\/diariodominicano.com\/index.php?rest_route=%2Fwp%2Fv2%2Fmedia&parent=214910"}],"wp:term":[{"taxonomy":"category","embeddable":true,"href":"https:\/\/diariodominicano.com\/index.php?rest_route=%2Fwp%2Fv2%2Fcategories&post=214910"},{"taxonomy":"post_tag","embeddable":true,"href":"https:\/\/diariodominicano.com\/index.php?rest_route=%2Fwp%2Fv2%2Ftags&post=214910"}],"curies":[{"name":"wp","href":"https:\/\/api.w.org\/{rel}","templated":true}]}}