{"id":214907,"date":"2012-12-18T19:32:24","date_gmt":"2012-12-18T19:32:24","guid":{"rendered":"http:\/\/diariodominicano.ddns.net\/?p=214907"},"modified":"2012-12-18T19:32:24","modified_gmt":"2012-12-18T19:32:24","slug":"empresarios-anuncian-disposicion-adquirir-acciones-equipo-gigantes-del-cibao","status":"publish","type":"post","link":"https:\/\/diariodominicano.com\/?p=214907","title":{"rendered":"Empresarios anuncian disposici\u00f3n adquirir acciones equipo Gigantes del Cibao"},"content":{"rendered":"<p><body><\/p>\n<p><span class=\"text1noticias\">Rep. Dom. 18 de diciembre.- Dos importantes grupos empresariales de la Regi\u00f3n Nordeste,  externaron su firme disposici\u00f3n de adquirir las acciones mayoritarias del equipo Gigantes del Cibao.<\/span><\/p>\n<\/p>\n<p><span class=\"text1noticias\">La informaci\u00f3n fue ofrecida por el director ejecutivo del Consejo Regional de Desarrollo (CRD), Jaime Mariz\u00e0n, tras  concluir una reuni\u00f3n  en la que participaron  empresarios de las provincias Duarte, Hermanas Mirabal, S\u00e1nchez Ram\u00edrez, Maria Trinidad S\u00e1nchez y Saman\u00e0 aglutinados en la comisi\u00f3n empresarial y de entidades financieras del organismo de desarrollo.<\/span><\/p>\n<\/p>\n<p><span class=\"text1noticias\">Indic\u00f3, que los grupos empresariales, tambi\u00e9n desean asumir la plena administraci\u00f3n de la franquicia dentro de las condiciones y requisitos que tenga a bien disponer la Liga de B\u00e9isbol Profesional de la Rep\u00fablica Dominicana.<\/span><\/p>\n<\/p>\n<p><span class=\"text1noticias\">Se\u00f1al\u00f3, que en la operaci\u00f3n de adquisici\u00f3n y administraci\u00f3n, tambi\u00e9n se involucrar\u00edan socios fundadores y recientes de Nordeste B\u00e9isbol Club.<\/span><\/p>\n<\/p>\n<\/p>\n<p><span class=\"text1noticias\">Resalt\u00f3, que la operaci\u00f3n de compra y de administraci\u00f3n, implicar\u00eda el manejo de la franquicia desde su sede central, y la realizaci\u00f3n de profundos cambios en sus estructuras y pol\u00edticas operativas, a fin de ponerlas acordes con los  avances logrados por la entidad deportiva por medio de sus peloteros y su fanaticada.<\/span><\/p>\n<\/p>\n<p><span class=\"text1noticias\">El director ejecutivo del CRD, dijo que resulta de sumo inter\u00e9s lo indicado, por  ser los Gigantes del Cibao un patrimonio de los nordestanos y de las nordestanas, y adem\u00e1s, por haberse constituido la franquicia en  el s\u00edmbolo que identifica y reivindica a la Regi\u00f3n Nordeste del pa\u00eds.<\/span><\/p>\n<\/p>\n<p><span class=\"text1noticias\">Concluy\u00f3 expresando, que la poblaci\u00f3n de  esta zona del pa\u00eds, agradece sobremanera los esfuerzos realizados por Laurentino Genao y Jos\u00e9 Duarte Junquera, destinados al  fortalecimiento en el orden t\u00e9cnico  de los Gigantes del Cibao.(HG)<\/span>.<\/p>\n<\/p>\n<\/p>\n<\/p>\n<\/p>\n<h6> 2012-12-18 19:32:24 <\/h6>\n<p><!--\n<link rel=\"stylesheet\" href=\"css\/bootstrap.min.css\">\n\n\n<ul class=\"pagination\">\n\t    \n\t\n\n<li >\n\t<a href='?page_no=22016'>Previous<\/a>\n\t<\/li>\n\n\n       \n    \n\n<li><a href='?page_no=1'>1<\/a><\/li>\n\n\n\n<li><a href='?page_no=2'>2<\/a><\/li>\n\n\n\n<li><a>...<\/a><\/li>\n\n\n\n<li><a href='?page_no=22015'>22015<\/a><\/li>\n\n\n\n<li><a href='?page_no=22016'>22016<\/a><\/li>\n\n\n\n<li class='active'><a>22017<\/a><\/li>\n\n\n\n<li><a href='?page_no=22018'>22018<\/a><\/li>\n\n\n\n<li><a href='?page_no=22019'>22019<\/a><\/li>\n\n\n\n<li><a>...<\/a><\/li>\n\n\n\n<li><a href='?page_no=36618'>36618<\/a><\/li>\n\n\n\n<li><a href='?page_no=36619'>36619<\/a><\/li>\n\n    \n\t\n\n<li >\n\t<a href='?page_no=22018'>Next<\/a>\n\t<\/li>\n\n\n    \n\n<li><a href='?page_no=36619'>Last &rsaquo;&rsaquo;<\/a><\/li>\n\n<\/ul>\n\n\n--><br \/>\n<\/body><\/p>\n","protected":false},"excerpt":{"rendered":"<p>Rep. Dom. 18 de diciembre.- Dos importantes grupos empresariales de la Regi\u00f3n Nordeste, externaron su firme disposici\u00f3n de adquirir las acciones mayoritarias del equipo Gigantes del Cibao. La informaci\u00f3n fue ofrecida por el director ejecutivo del Consejo Regional de Desarrollo (CRD), Jaime Mariz\u00e0n, tras concluir una reuni\u00f3n en la que participaron empresarios de las provincias [&hellip;]<\/p>\n","protected":false},"author":3,"featured_media":0,"comment_status":"open","ping_status":"open","sticky":false,"template":"","format":"standard","meta":{"footnotes":""},"categories":[17],"tags":[],"class_list":["post-214907","post","type-post","status-publish","format-standard","hentry","category-deportes"],"_links":{"self":[{"href":"https:\/\/diariodominicano.com\/index.php?rest_route=\/wp\/v2\/posts\/214907","targetHints":{"allow":["GET"]}}],"collection":[{"href":"https:\/\/diariodominicano.com\/index.php?rest_route=\/wp\/v2\/posts"}],"about":[{"href":"https:\/\/diariodominicano.com\/index.php?rest_route=\/wp\/v2\/types\/post"}],"author":[{"embeddable":true,"href":"https:\/\/diariodominicano.com\/index.php?rest_route=\/wp\/v2\/users\/3"}],"replies":[{"embeddable":true,"href":"https:\/\/diariodominicano.com\/index.php?rest_route=%2Fwp%2Fv2%2Fcomments&post=214907"}],"version-history":[{"count":0,"href":"https:\/\/diariodominicano.com\/index.php?rest_route=\/wp\/v2\/posts\/214907\/revisions"}],"wp:attachment":[{"href":"https:\/\/diariodominicano.com\/index.php?rest_route=%2Fwp%2Fv2%2Fmedia&parent=214907"}],"wp:term":[{"taxonomy":"category","embeddable":true,"href":"https:\/\/diariodominicano.com\/index.php?rest_route=%2Fwp%2Fv2%2Fcategories&post=214907"},{"taxonomy":"post_tag","embeddable":true,"href":"https:\/\/diariodominicano.com\/index.php?rest_route=%2Fwp%2Fv2%2Ftags&post=214907"}],"curies":[{"name":"wp","href":"https:\/\/api.w.org\/{rel}","templated":true}]}}