{"id":214906,"date":"2012-12-18T20:47:41","date_gmt":"2012-12-18T20:47:41","guid":{"rendered":"http:\/\/diariodominicano.ddns.net\/?p=214906"},"modified":"2012-12-18T20:47:41","modified_gmt":"2012-12-18T20:47:41","slug":"victor-michelen-y-ruddy-mendez-lograron-4-5-de-5-para-ocupar-primer-y-segundo-lugar","status":"publish","type":"post","link":"https:\/\/diariodominicano.com\/?p=214906","title":{"rendered":"&#13;V\u00edctor Michel\u00e9n y Ruddy M\u00e9ndez lograron 4.5 de 5 para ocupar primer y segundo lugar"},"content":{"rendered":"<p><body><\/p>\n<p><span class=\"text1noticias\">Rep. Dom. 18 de Diciembre.-Los sanjuaneros V\u00edctor Isaac Michel\u00e9n y Ruddy M\u00e9ndez lograron 4.5 de 5 oportunidades, llev\u00e1ndose de paso el primer y segundo lugar del I Torneo Regional Sur,  en el cual participaron los mejores ajedrecistas de Barahona, Peravia, Bahoruco, San Juan de la Maguana y Azua.<\/span><\/p>\n<\/p>\n<p><span class=\"text1noticias\">El evento, dedicado a la memoria de Manelik Cabral,  se desarroll\u00f3 con rotundo \u00e9xito en el Sal\u00f3n de Reuniones del Centro Cultural \u00abH\u00e9ctor J. D\u00edaz\u00bb los d\u00edas 8, 9, 15 y 16 del presente mes de diciembre, organizado por la Asociaci\u00f3n de Ajedrez de Azua  con el aval y apoyo de la Federaci\u00f3n Dominicana de Ajedrez.<\/span><\/p>\n<\/p>\n<p><span class=\"text1noticias\">Yoel E. Polanco, de Peravia, logr\u00f3 el tercer lugar acumulando 3.5, mientras el azuano Carlos E. Ram\u00edrez se adue\u00f1\u00f3 del cuarto lugar con 3 puntos. Los cuatro finalistas recibieron sus premios de parte de los ejecutivos de la FDA, encabezados por su Secretario de Organizaci\u00f3n Sergio Cruz Ferreira y el Rector de la Universidad Tecnol\u00f3gica del Sur, Dr. Virgilio L\u00f3pez.<\/span><\/p>\n<\/p>\n<p><span class=\"text1noticias\">Fabio S\u00e1nchez, coordinador del torneo habl\u00f3 en nombre de los directivos locales, agradeci\u00f3 todo el respaldo recibido de la FDA, de la Gobernaci\u00f3n Provincial, de la Direcci\u00f3n Provincial de Cultura y de la Utesur. La direcci\u00f3n t\u00e9cnica estuvo a cargo de Mario C\u00e9spedes, \u00e1rbitro FDA y Yoni Acevedo Matos, presidente de la Adajaz.(HG)<\/span>.<\/p>\n<h6> 2012-12-18 20:47:41 <\/h6>\n<p><!--\n<link rel=\"stylesheet\" href=\"css\/bootstrap.min.css\">\n\n\n<ul class=\"pagination\">\n\t    \n\t\n\n<li >\n\t<a href='?page_no=22015'>Previous<\/a>\n\t<\/li>\n\n\n       \n    \n\n<li><a href='?page_no=1'>1<\/a><\/li>\n\n\n\n<li><a href='?page_no=2'>2<\/a><\/li>\n\n\n\n<li><a>...<\/a><\/li>\n\n\n\n<li><a href='?page_no=22014'>22014<\/a><\/li>\n\n\n\n<li><a href='?page_no=22015'>22015<\/a><\/li>\n\n\n\n<li class='active'><a>22016<\/a><\/li>\n\n\n\n<li><a href='?page_no=22017'>22017<\/a><\/li>\n\n\n\n<li><a href='?page_no=22018'>22018<\/a><\/li>\n\n\n\n<li><a>...<\/a><\/li>\n\n\n\n<li><a href='?page_no=36618'>36618<\/a><\/li>\n\n\n\n<li><a href='?page_no=36619'>36619<\/a><\/li>\n\n    \n\t\n\n<li >\n\t<a href='?page_no=22017'>Next<\/a>\n\t<\/li>\n\n\n    \n\n<li><a href='?page_no=36619'>Last &rsaquo;&rsaquo;<\/a><\/li>\n\n<\/ul>\n\n\n--><br \/>\n<\/body><\/p>\n","protected":false},"excerpt":{"rendered":"<p>Rep. Dom. 18 de Diciembre.-Los sanjuaneros V\u00edctor Isaac Michel\u00e9n y Ruddy M\u00e9ndez lograron 4.5 de 5 oportunidades, llev\u00e1ndose de paso el primer y segundo lugar del I Torneo Regional Sur, en el cual participaron los mejores ajedrecistas de Barahona, Peravia, Bahoruco, San Juan de la Maguana y Azua. El evento, dedicado a la memoria de [&hellip;]<\/p>\n","protected":false},"author":3,"featured_media":0,"comment_status":"open","ping_status":"open","sticky":false,"template":"","format":"standard","meta":{"footnotes":""},"categories":[17],"tags":[],"class_list":["post-214906","post","type-post","status-publish","format-standard","hentry","category-deportes"],"_links":{"self":[{"href":"https:\/\/diariodominicano.com\/index.php?rest_route=\/wp\/v2\/posts\/214906","targetHints":{"allow":["GET"]}}],"collection":[{"href":"https:\/\/diariodominicano.com\/index.php?rest_route=\/wp\/v2\/posts"}],"about":[{"href":"https:\/\/diariodominicano.com\/index.php?rest_route=\/wp\/v2\/types\/post"}],"author":[{"embeddable":true,"href":"https:\/\/diariodominicano.com\/index.php?rest_route=\/wp\/v2\/users\/3"}],"replies":[{"embeddable":true,"href":"https:\/\/diariodominicano.com\/index.php?rest_route=%2Fwp%2Fv2%2Fcomments&post=214906"}],"version-history":[{"count":0,"href":"https:\/\/diariodominicano.com\/index.php?rest_route=\/wp\/v2\/posts\/214906\/revisions"}],"wp:attachment":[{"href":"https:\/\/diariodominicano.com\/index.php?rest_route=%2Fwp%2Fv2%2Fmedia&parent=214906"}],"wp:term":[{"taxonomy":"category","embeddable":true,"href":"https:\/\/diariodominicano.com\/index.php?rest_route=%2Fwp%2Fv2%2Fcategories&post=214906"},{"taxonomy":"post_tag","embeddable":true,"href":"https:\/\/diariodominicano.com\/index.php?rest_route=%2Fwp%2Fv2%2Ftags&post=214906"}],"curies":[{"name":"wp","href":"https:\/\/api.w.org\/{rel}","templated":true}]}}