{"id":214895,"date":"2012-12-19T22:23:58","date_gmt":"2012-12-19T22:23:58","guid":{"rendered":"http:\/\/diariodominicano.ddns.net\/?p=214895"},"modified":"2012-12-19T22:23:58","modified_gmt":"2012-12-19T22:23:58","slug":"los-mina-celebra-cena-navidena-reconoce-a-padre-alegria-y-personalidades","status":"publish","type":"post","link":"https:\/\/diariodominicano.com\/?p=214895","title":{"rendered":"Los Mina celebra Cena Navide\u00f1a reconoce a Padre Alegria y personalidades"},"content":{"rendered":"<p><body><\/p>\n<p><span class=\"text1noticias\">Rep. Dom. 19 de Diciembre.-El club deportivo y cultural Los Mina celebr\u00f3 su tradicional Cena Navide\u00f1a donde reconoci\u00f3 a una serie de dirigentes deportivos, empresarios amigos y tuvo una dedicatoria al P\u00e1rroco de la Iglesia San Vicente de Pa\u00fal, Gregorio Alegria.<\/span><\/p>\n<\/p>\n<p><span class=\"text1noticias\">La actividad se llev\u00f3 a cabo en las modernas instalaciones del club Los Mina donde cientos de amigos y allegados a la entidad deportiva se dieron cita a la Cena Navide\u00f1a.<\/span><\/p>\n<\/p>\n<p><span class=\"text1noticias\">Tolben Jaquez, presidente del Club, declar\u00f3 que la organizaci\u00f2n deportiva ha entrado en una etapa de madurez y de fortalecimiento de todas sus estructuras y asegur\u00f3 que el a\u00f1o 2013 ser\u00e1 de mucho trabajo, planificaci\u00f3n y acciones de bien para el deporte y la barriada.<\/span><\/p>\n<\/p>\n<p><span class=\"text1noticias\">\u00abEl superior gobierno nos entreg\u00f3 una obra remodelada, con aire acondicionado en agosto pasado y ahora tenemos que redoblar las tareas y tener el apoyo de todos los sectores progresistas del sector\u00bb, adujo.<\/span><\/p>\n<\/p>\n<p><span class=\"text1noticias\">En el acto estuvo presente el ex-vicepresidente de la Rep\u00fablica, doctor Rafael Alburquerque, un fiel y solido colaborador del club Los Mina desde hace muchos.<\/span><\/p>\n<\/p>\n<p><span class=\"text1noticias\">El asesor del club, Danilo Mesa y actual director del INEFI, valor\u00f3 el trabajo que hace la directiva del club en favor del deporte y la ni\u00f1ez de la barriada.<\/span><\/p>\n<\/p>\n<p><span class=\"text1noticias\">Una serie de personalidades del mundo deportivo, empresarial, clubistico, de la Federaci\u00f3n Dominicana de Baloncesto, ABASADO, ABADINA, as\u00ed como los clubes amigos de Calero, San Carlos, San L\u00e1zaro, Mauricio B\u00e1ez, H\u00e9ctor J. Diaz, Club San Lorenzo, a la prensa deportiva, ligas deportivas amigas, entre otros. Jhonny Morillo fue el maestro de ceremonia.<\/span><\/p>\n<\/p>\n<\/p>\n<p><span class=\"text1noticias\">Los reconocidos<\/span><\/p>\n<\/p>\n<\/p>\n<p><span class=\"text1noticias\">El club Los Mina entreg\u00f3 una placa de reconocimiento al cura P\u00e1rroco de la Iglesia San Vicente de Pa\u00fal, Gregorio Alegr\u00eda, por todos su aportes que hace a la barrida desde su labor pastoral.<\/span><\/p>\n<\/p>\n<p><span class=\"text1noticias\">Tambi\u00e9n se reconocieron a Luis Henriquez, de la Alcald\u00eda Santo Domingo Este, al coronel Mart\u00edn Javier Bueno, al diputado Ram\u00f3n Cabrera, a Huascar Nin, a Rafael Marte Ozuna, al presidente de las Estrellas Orientales, Jos\u00e9 Manuel Mall\u00e9n.(HG)<\/span>.<\/p>\n<h6> 2012-12-19 22:23:58 <\/h6>\n<p><!--\n<link rel=\"stylesheet\" href=\"css\/bootstrap.min.css\">\n\n\n<ul class=\"pagination\">\n\t    \n\t\n\n<li >\n\t<a href='?page_no=22004'>Previous<\/a>\n\t<\/li>\n\n\n       \n    \n\n<li><a href='?page_no=1'>1<\/a><\/li>\n\n\n\n<li><a href='?page_no=2'>2<\/a><\/li>\n\n\n\n<li><a>...<\/a><\/li>\n\n\n\n<li><a href='?page_no=22003'>22003<\/a><\/li>\n\n\n\n<li><a href='?page_no=22004'>22004<\/a><\/li>\n\n\n\n<li class='active'><a>22005<\/a><\/li>\n\n\n\n<li><a href='?page_no=22006'>22006<\/a><\/li>\n\n\n\n<li><a href='?page_no=22007'>22007<\/a><\/li>\n\n\n\n<li><a>...<\/a><\/li>\n\n\n\n<li><a href='?page_no=36618'>36618<\/a><\/li>\n\n\n\n<li><a href='?page_no=36619'>36619<\/a><\/li>\n\n    \n\t\n\n<li >\n\t<a href='?page_no=22006'>Next<\/a>\n\t<\/li>\n\n\n    \n\n<li><a href='?page_no=36619'>Last &rsaquo;&rsaquo;<\/a><\/li>\n\n<\/ul>\n\n\n--><br \/>\n<\/body><\/p>\n","protected":false},"excerpt":{"rendered":"<p>Rep. Dom. 19 de Diciembre.-El club deportivo y cultural Los Mina celebr\u00f3 su tradicional Cena Navide\u00f1a donde reconoci\u00f3 a una serie de dirigentes deportivos, empresarios amigos y tuvo una dedicatoria al P\u00e1rroco de la Iglesia San Vicente de Pa\u00fal, Gregorio Alegria. La actividad se llev\u00f3 a cabo en las modernas instalaciones del club Los Mina [&hellip;]<\/p>\n","protected":false},"author":3,"featured_media":0,"comment_status":"open","ping_status":"open","sticky":false,"template":"","format":"standard","meta":{"footnotes":""},"categories":[17],"tags":[],"class_list":["post-214895","post","type-post","status-publish","format-standard","hentry","category-deportes"],"_links":{"self":[{"href":"https:\/\/diariodominicano.com\/index.php?rest_route=\/wp\/v2\/posts\/214895","targetHints":{"allow":["GET"]}}],"collection":[{"href":"https:\/\/diariodominicano.com\/index.php?rest_route=\/wp\/v2\/posts"}],"about":[{"href":"https:\/\/diariodominicano.com\/index.php?rest_route=\/wp\/v2\/types\/post"}],"author":[{"embeddable":true,"href":"https:\/\/diariodominicano.com\/index.php?rest_route=\/wp\/v2\/users\/3"}],"replies":[{"embeddable":true,"href":"https:\/\/diariodominicano.com\/index.php?rest_route=%2Fwp%2Fv2%2Fcomments&post=214895"}],"version-history":[{"count":0,"href":"https:\/\/diariodominicano.com\/index.php?rest_route=\/wp\/v2\/posts\/214895\/revisions"}],"wp:attachment":[{"href":"https:\/\/diariodominicano.com\/index.php?rest_route=%2Fwp%2Fv2%2Fmedia&parent=214895"}],"wp:term":[{"taxonomy":"category","embeddable":true,"href":"https:\/\/diariodominicano.com\/index.php?rest_route=%2Fwp%2Fv2%2Fcategories&post=214895"},{"taxonomy":"post_tag","embeddable":true,"href":"https:\/\/diariodominicano.com\/index.php?rest_route=%2Fwp%2Fv2%2Ftags&post=214895"}],"curies":[{"name":"wp","href":"https:\/\/api.w.org\/{rel}","templated":true}]}}