{"id":214888,"date":"2012-12-20T15:55:17","date_gmt":"2012-12-20T15:55:17","guid":{"rendered":"http:\/\/diariodominicano.ddns.net\/?p=214888"},"modified":"2012-12-20T15:55:17","modified_gmt":"2012-12-20T15:55:17","slug":"la-vuelta-independencia-recorrera-1001-kilometros","status":"publish","type":"post","link":"https:\/\/diariodominicano.com\/?p=214888","title":{"rendered":"La Vuelta Independencia recorrer\u00e1 1,001 kil\u00f3metros"},"content":{"rendered":"<p><body><\/p>\n<p>Santo Domingo RD 20 diciembre.-. El Comit\u00e9 Ejecutivo de la Federaci\u00f3n Dominicana de Ciclismo, (Fedoci) dej\u00f3 establecida la ruta completa que comprender\u00e1 la edici\u00f3n XXXIV de la Vuelta Cicl\u00edstica Independencia, programada para celebrarse del 20 al 27 de Febrero pr\u00f3ximo.<\/p>\n<\/p>\n<p>El presidente de Fedoci, ingeniero Juan Luis Rodr\u00edguez, anunci\u00f3 que la edici\u00f3n del 2013 comprender\u00e1 nueve etapas y tendr\u00e1 un recorrido general de 1001 kil\u00f3metros.<\/p>\n<\/p>\n<p>Asimismo, Rodr\u00edguez expuso que el evento XXXIV de la Vuelta Cicl\u00edstica estar\u00e1 m\u00e1s orientada a dar a conocer el amplio turismo existente en Rep\u00fablica Dominicana, que incluye la presentaci\u00f3n de los hermosas playas y paisajes, as\u00ed como los recursos naturales y ecol\u00f3gicos existentes en el pa\u00eds.<\/p>\n<\/p>\n<p>\u00abPor esto la Vuelta Cicl\u00edstica Independencia 2013 tocar\u00e1 lugares como Saman\u00e1, Las Terrenas y Constanza\u00bb, sostuvo Juan Luis Rodr\u00edguez.<\/p>\n<\/p>\n<\/p>\n<\/p>\n<\/p>\n<\/p>\n<\/p>\n<h6> 2012-12-20 15:55:17 <\/h6>\n<p><!--\n<link rel=\"stylesheet\" href=\"css\/bootstrap.min.css\">\n\n\n<ul class=\"pagination\">\n\t    \n\t\n\n<li >\n\t<a href='?page_no=21997'>Previous<\/a>\n\t<\/li>\n\n\n       \n    \n\n<li><a href='?page_no=1'>1<\/a><\/li>\n\n\n\n<li><a href='?page_no=2'>2<\/a><\/li>\n\n\n\n<li><a>...<\/a><\/li>\n\n\n\n<li><a href='?page_no=21996'>21996<\/a><\/li>\n\n\n\n<li><a href='?page_no=21997'>21997<\/a><\/li>\n\n\n\n<li class='active'><a>21998<\/a><\/li>\n\n\n\n<li><a href='?page_no=21999'>21999<\/a><\/li>\n\n\n\n<li><a href='?page_no=22000'>22000<\/a><\/li>\n\n\n\n<li><a>...<\/a><\/li>\n\n\n\n<li><a href='?page_no=36618'>36618<\/a><\/li>\n\n\n\n<li><a href='?page_no=36619'>36619<\/a><\/li>\n\n    \n\t\n\n<li >\n\t<a href='?page_no=21999'>Next<\/a>\n\t<\/li>\n\n\n    \n\n<li><a href='?page_no=36619'>Last &rsaquo;&rsaquo;<\/a><\/li>\n\n<\/ul>\n\n\n--><br \/>\n<\/body><\/p>\n","protected":false},"excerpt":{"rendered":"<p>Santo Domingo RD 20 diciembre.-. El Comit\u00e9 Ejecutivo de la Federaci\u00f3n Dominicana de Ciclismo, (Fedoci) dej\u00f3 establecida la ruta completa que comprender\u00e1 la edici\u00f3n XXXIV de la Vuelta Cicl\u00edstica Independencia, programada para celebrarse del 20 al 27 de Febrero pr\u00f3ximo. El presidente de Fedoci, ingeniero Juan Luis Rodr\u00edguez, anunci\u00f3 que la edici\u00f3n del 2013 comprender\u00e1 [&hellip;]<\/p>\n","protected":false},"author":3,"featured_media":0,"comment_status":"open","ping_status":"open","sticky":false,"template":"","format":"standard","meta":{"footnotes":""},"categories":[17],"tags":[],"class_list":["post-214888","post","type-post","status-publish","format-standard","hentry","category-deportes"],"_links":{"self":[{"href":"https:\/\/diariodominicano.com\/index.php?rest_route=\/wp\/v2\/posts\/214888","targetHints":{"allow":["GET"]}}],"collection":[{"href":"https:\/\/diariodominicano.com\/index.php?rest_route=\/wp\/v2\/posts"}],"about":[{"href":"https:\/\/diariodominicano.com\/index.php?rest_route=\/wp\/v2\/types\/post"}],"author":[{"embeddable":true,"href":"https:\/\/diariodominicano.com\/index.php?rest_route=\/wp\/v2\/users\/3"}],"replies":[{"embeddable":true,"href":"https:\/\/diariodominicano.com\/index.php?rest_route=%2Fwp%2Fv2%2Fcomments&post=214888"}],"version-history":[{"count":0,"href":"https:\/\/diariodominicano.com\/index.php?rest_route=\/wp\/v2\/posts\/214888\/revisions"}],"wp:attachment":[{"href":"https:\/\/diariodominicano.com\/index.php?rest_route=%2Fwp%2Fv2%2Fmedia&parent=214888"}],"wp:term":[{"taxonomy":"category","embeddable":true,"href":"https:\/\/diariodominicano.com\/index.php?rest_route=%2Fwp%2Fv2%2Fcategories&post=214888"},{"taxonomy":"post_tag","embeddable":true,"href":"https:\/\/diariodominicano.com\/index.php?rest_route=%2Fwp%2Fv2%2Ftags&post=214888"}],"curies":[{"name":"wp","href":"https:\/\/api.w.org\/{rel}","templated":true}]}}