{"id":214883,"date":"2012-12-21T19:49:16","date_gmt":"2012-12-21T19:49:16","guid":{"rendered":"http:\/\/diariodominicano.ddns.net\/?p=214883"},"modified":"2012-12-21T19:49:16","modified_gmt":"2012-12-21T19:49:16","slug":"super-sanchez-valora-colocacion-pin-olimpico","status":"publish","type":"post","link":"https:\/\/diariodominicano.com\/?p=214883","title":{"rendered":"S\u00faper S\u00e1nchez valora colocaci\u00f3n pin ol\u00edmpico"},"content":{"rendered":"<p><body><\/p>\n<p><span class=\"text1noticias\">Rep. Dom. 21 de Diciembre.-La proeza de ganar dos medallas en los Juegos Ol\u00edmpicos de Londres fue un acontecimiento de gran importancia para la Rep\u00fablica Dominicana que pasar\u00e1 a la historia en el mundo.<\/span><\/p>\n<\/p>\n<p><span class=\"text1noticias\">De esa manera se refiri\u00f3 el doble campe\u00f3n de los 400 metros con vallas, F\u00e9lix S\u00e1nchez, durante la entrega del pin ol\u00edmpico a los medallistas de los Juegos Ol\u00edmpicos de Londres.<\/span><\/p>\n<\/p>\n<p><span class=\"text1noticias\">El acto, llevado a cabo ayer en el Sal\u00f3n Wiche Garc\u00eda Saleta del Comit\u00e9 Ol\u00edmpico Dominicano (COD), es una nueva iniciativa auspiciado por el Comit\u00e9 Ol\u00edmpico Internacional (COI) a los atletas ganadores de medallas en los Juegos Ol\u00edmpicos de Londres.<\/span><\/p>\n<\/p>\n<p><span class=\"text1noticias\">\u00abEsto es fruto de todo el sacrificio, hicimos historia en un deporte que antes no se practicaba tanto en el pa\u00eds. El atletismo tendr\u00e1 mucho talento en el pa\u00eds\u00bb, indic\u00f3 S\u00e1nchez al hacer uso de la palabra.<\/span><\/p>\n<\/p>\n<p><span class=\"text1noticias\">En el encuentro estuvieron presentes el se\u00f1or Felipe Vicini, de CRESO (Creando sue\u00f1os ol\u00edmpicos); el se\u00f1or Manuel Luna, gerente corporativo del Grupo Vicini; el doctor Jaime David Fern\u00e1ndez Mirabal, ministro de deportes; el doctor Carlos Lamarche Rey, as\u00ed como Gerardo Suero Correa, presidente de la Federaci\u00f3n Dominicana de Atletismo, y Jos\u00e9 Billini, representante de CRESO en el COD.<\/span><\/p>\n<\/p>\n<p><span class=\"text1noticias\">El profesor Antonio Acosta, secretario general del COD, resalt\u00f3 la nueva modalidad que pone en marcha el COI, as\u00ed como el papel que representa el deporte en la Rep\u00fablica Dominicana.<\/span><\/p>\n<\/p>\n<p><span class=\"text1noticias\">\u00abValoremos y disfrutemos lo que significa la colocaci\u00f3n de este pin ol\u00edmpico. Este representa la parte sana de la juventud\u00bb, indic\u00f3 Acosta.<\/span><\/p>\n<\/p>\n<p><span class=\"text1noticias\">Mientras, Luis Mej\u00eda, presidente del COD, resalt\u00f3 el apoyo que ha dado al deporte el Gobierno, as\u00ed como el sector privado.<\/span><\/p>\n<\/p>\n<p><span class=\"text1noticias\">\u00abEl sector p\u00fablica y privado han cumplido, al hacer su evaluaci\u00f3n en este a\u00f1o, se deber\u00e1 incluir lo ocurrido en Londres con los atletas dominicanos\u00bb, dijo Mej\u00eda.<\/span><\/p>\n<\/p>\n<p><span class=\"text1noticias\">Durante la breve ceremonia, el ministro de deportes, Jaime David Fern\u00e1ndez Mirabal, catalog\u00f3 de hist\u00f3rico el momento y revel\u00f3 que tanto S\u00e1nchez como Luguelin se han convertido en s\u00edmbolos para el pa\u00eds.<\/span><\/p>\n<\/p>\n<p><span class=\"text1noticias\">\u00abEs un hecho hist\u00f3rico, un s\u00edmbolo para la historia que unifica a los pueblos a trav\u00e9s de un hecho, y nuestros atletas son la garant\u00eda de que podamos seguir teniendo s\u00edmbolos en la sociedad\u00bb, se\u00f1al\u00f3 el ministro de deportes.(HG)<\/span>.<\/p>\n<\/p>\n<h6> 2012-12-21 19:49:16 <\/h6>\n<p><!--\n<link rel=\"stylesheet\" href=\"css\/bootstrap.min.css\">\n\n\n<ul class=\"pagination\">\n\t    \n\t\n\n<li >\n\t<a href='?page_no=21992'>Previous<\/a>\n\t<\/li>\n\n\n       \n    \n\n<li><a href='?page_no=1'>1<\/a><\/li>\n\n\n\n<li><a href='?page_no=2'>2<\/a><\/li>\n\n\n\n<li><a>...<\/a><\/li>\n\n\n\n<li><a href='?page_no=21991'>21991<\/a><\/li>\n\n\n\n<li><a href='?page_no=21992'>21992<\/a><\/li>\n\n\n\n<li class='active'><a>21993<\/a><\/li>\n\n\n\n<li><a href='?page_no=21994'>21994<\/a><\/li>\n\n\n\n<li><a href='?page_no=21995'>21995<\/a><\/li>\n\n\n\n<li><a>...<\/a><\/li>\n\n\n\n<li><a href='?page_no=36618'>36618<\/a><\/li>\n\n\n\n<li><a href='?page_no=36619'>36619<\/a><\/li>\n\n    \n\t\n\n<li >\n\t<a href='?page_no=21994'>Next<\/a>\n\t<\/li>\n\n\n    \n\n<li><a href='?page_no=36619'>Last &rsaquo;&rsaquo;<\/a><\/li>\n\n<\/ul>\n\n\n--><br \/>\n<\/body><\/p>\n","protected":false},"excerpt":{"rendered":"<p>Rep. Dom. 21 de Diciembre.-La proeza de ganar dos medallas en los Juegos Ol\u00edmpicos de Londres fue un acontecimiento de gran importancia para la Rep\u00fablica Dominicana que pasar\u00e1 a la historia en el mundo. De esa manera se refiri\u00f3 el doble campe\u00f3n de los 400 metros con vallas, F\u00e9lix S\u00e1nchez, durante la entrega del pin [&hellip;]<\/p>\n","protected":false},"author":3,"featured_media":0,"comment_status":"open","ping_status":"open","sticky":false,"template":"","format":"standard","meta":{"footnotes":""},"categories":[17],"tags":[],"class_list":["post-214883","post","type-post","status-publish","format-standard","hentry","category-deportes"],"_links":{"self":[{"href":"https:\/\/diariodominicano.com\/index.php?rest_route=\/wp\/v2\/posts\/214883","targetHints":{"allow":["GET"]}}],"collection":[{"href":"https:\/\/diariodominicano.com\/index.php?rest_route=\/wp\/v2\/posts"}],"about":[{"href":"https:\/\/diariodominicano.com\/index.php?rest_route=\/wp\/v2\/types\/post"}],"author":[{"embeddable":true,"href":"https:\/\/diariodominicano.com\/index.php?rest_route=\/wp\/v2\/users\/3"}],"replies":[{"embeddable":true,"href":"https:\/\/diariodominicano.com\/index.php?rest_route=%2Fwp%2Fv2%2Fcomments&post=214883"}],"version-history":[{"count":0,"href":"https:\/\/diariodominicano.com\/index.php?rest_route=\/wp\/v2\/posts\/214883\/revisions"}],"wp:attachment":[{"href":"https:\/\/diariodominicano.com\/index.php?rest_route=%2Fwp%2Fv2%2Fmedia&parent=214883"}],"wp:term":[{"taxonomy":"category","embeddable":true,"href":"https:\/\/diariodominicano.com\/index.php?rest_route=%2Fwp%2Fv2%2Fcategories&post=214883"},{"taxonomy":"post_tag","embeddable":true,"href":"https:\/\/diariodominicano.com\/index.php?rest_route=%2Fwp%2Fv2%2Ftags&post=214883"}],"curies":[{"name":"wp","href":"https:\/\/api.w.org\/{rel}","templated":true}]}}