{"id":214876,"date":"2012-12-22T18:24:15","date_gmt":"2012-12-22T18:24:15","guid":{"rendered":"http:\/\/diariodominicano.ddns.net\/?p=214876"},"modified":"2012-12-22T18:24:15","modified_gmt":"2012-12-22T18:24:15","slug":"realiza-clasico-de-softbol-navideno-gran-copa-fundacion-deportiva-minaya","status":"publish","type":"post","link":"https:\/\/diariodominicano.com\/?p=214876","title":{"rendered":"Realiza Cl\u00e1sico de Softbol Navide\u00f1o Gran Copa Fundaci\u00f3n Deportiva Minaya"},"content":{"rendered":"<p><body><\/p>\n<p><span class=\"text1noticias\">Rep. Dom. 22 de Diciembre.-El comit\u00e9 organizador del tradicional Cl\u00e1sico de Softbol Navide\u00f1o entre el municipio de Altamira de Puerto Plata y la Comunidad de los Salados de Santiago realiz\u00f3 dicho evento el pasado domingo correspondiente al presente.<\/span><\/p>\n<\/p>\n<p><span class=\"text1noticias\">En esta ocasi\u00f3n los equipos participantes se disputaron la Gran Copa Fundaci\u00f3n Deportiva Minaya (FDM), la cual fue donada por su preside el se\u00f1or Manuel Minaya, quien tambi\u00e9n don\u00f3 los trofeos para los softbolistas m\u00e1s destacados en ese importante evento.<\/span><\/p>\n<\/p>\n<p><span class=\"text1noticias\">Previo al inicio del encuentro se llevo a cabo un acto de ceremonia, el cual comenz\u00f3 con el canto a la patria, luego el se\u00f1or Edilio Hiraldo en su roel de presidente del comit\u00e9 organizador expres\u00f3 las palabras de bienvenida y a provecho la ocasi\u00f3n para agradecer al se\u00f1or Manuel Minaya y la Fundaci\u00f3n que \u00e9l representa el valioso gesto realizado con la donaci\u00f3n de la Gran Copa y los trofeos disputados en el evento.<\/span><\/p>\n<\/p>\n<p><span class=\"text1noticias\">Manuel Minaya habl\u00f3 en nombre de la FDM para felicitar a los organizadores de ese prestigioso evento, el cual aglutino cientos de amantes del softbol tanto de Altamira como de los Salados, en las instalaciones deportiva del reconocido Club de la empresa Mocashoe de Santiago, luego Minaya realiz\u00f3 la entrega de la Copa y los trofeos  a los integrantes de ambos equipos.<\/span><\/p>\n<\/p>\n<p><span class=\"text1noticias\">Despu\u00e9s de finalizar la jornada deportiva los presentes disfrutaron de un ambiente de camarer\u00eda festejando un sabroso almuerzo y disfrutando de la buena m\u00fasica t\u00edpica interpretada por los Internacionales de ISWING.(HG)<\/span>.<\/p>\n<\/p>\n<h6> 2012-12-22 18:24:15 <\/h6>\n<p><!--\n<link rel=\"stylesheet\" href=\"css\/bootstrap.min.css\">\n\n\n<ul class=\"pagination\">\n\t    \n\t\n\n<li >\n\t<a href='?page_no=21985'>Previous<\/a>\n\t<\/li>\n\n\n       \n    \n\n<li><a href='?page_no=1'>1<\/a><\/li>\n\n\n\n<li><a href='?page_no=2'>2<\/a><\/li>\n\n\n\n<li><a>...<\/a><\/li>\n\n\n\n<li><a href='?page_no=21984'>21984<\/a><\/li>\n\n\n\n<li><a href='?page_no=21985'>21985<\/a><\/li>\n\n\n\n<li class='active'><a>21986<\/a><\/li>\n\n\n\n<li><a href='?page_no=21987'>21987<\/a><\/li>\n\n\n\n<li><a href='?page_no=21988'>21988<\/a><\/li>\n\n\n\n<li><a>...<\/a><\/li>\n\n\n\n<li><a href='?page_no=36618'>36618<\/a><\/li>\n\n\n\n<li><a href='?page_no=36619'>36619<\/a><\/li>\n\n    \n\t\n\n<li >\n\t<a href='?page_no=21987'>Next<\/a>\n\t<\/li>\n\n\n    \n\n<li><a href='?page_no=36619'>Last &rsaquo;&rsaquo;<\/a><\/li>\n\n<\/ul>\n\n\n--><br \/>\n<\/body><\/p>\n","protected":false},"excerpt":{"rendered":"<p>Rep. Dom. 22 de Diciembre.-El comit\u00e9 organizador del tradicional Cl\u00e1sico de Softbol Navide\u00f1o entre el municipio de Altamira de Puerto Plata y la Comunidad de los Salados de Santiago realiz\u00f3 dicho evento el pasado domingo correspondiente al presente. En esta ocasi\u00f3n los equipos participantes se disputaron la Gran Copa Fundaci\u00f3n Deportiva Minaya (FDM), la cual [&hellip;]<\/p>\n","protected":false},"author":3,"featured_media":0,"comment_status":"open","ping_status":"open","sticky":false,"template":"","format":"standard","meta":{"footnotes":""},"categories":[17],"tags":[],"class_list":["post-214876","post","type-post","status-publish","format-standard","hentry","category-deportes"],"_links":{"self":[{"href":"https:\/\/diariodominicano.com\/index.php?rest_route=\/wp\/v2\/posts\/214876","targetHints":{"allow":["GET"]}}],"collection":[{"href":"https:\/\/diariodominicano.com\/index.php?rest_route=\/wp\/v2\/posts"}],"about":[{"href":"https:\/\/diariodominicano.com\/index.php?rest_route=\/wp\/v2\/types\/post"}],"author":[{"embeddable":true,"href":"https:\/\/diariodominicano.com\/index.php?rest_route=\/wp\/v2\/users\/3"}],"replies":[{"embeddable":true,"href":"https:\/\/diariodominicano.com\/index.php?rest_route=%2Fwp%2Fv2%2Fcomments&post=214876"}],"version-history":[{"count":0,"href":"https:\/\/diariodominicano.com\/index.php?rest_route=\/wp\/v2\/posts\/214876\/revisions"}],"wp:attachment":[{"href":"https:\/\/diariodominicano.com\/index.php?rest_route=%2Fwp%2Fv2%2Fmedia&parent=214876"}],"wp:term":[{"taxonomy":"category","embeddable":true,"href":"https:\/\/diariodominicano.com\/index.php?rest_route=%2Fwp%2Fv2%2Fcategories&post=214876"},{"taxonomy":"post_tag","embeddable":true,"href":"https:\/\/diariodominicano.com\/index.php?rest_route=%2Fwp%2Fv2%2Ftags&post=214876"}],"curies":[{"name":"wp","href":"https:\/\/api.w.org\/{rel}","templated":true}]}}