{"id":214875,"date":"2012-12-22T19:24:06","date_gmt":"2012-12-22T19:24:06","guid":{"rendered":"http:\/\/diariodominicano.ddns.net\/?p=214875"},"modified":"2012-12-22T19:24:06","modified_gmt":"2012-12-22T19:24:06","slug":"poc-y-fiscalia-realizan-jornada-deportiva","status":"publish","type":"post","link":"https:\/\/diariodominicano.com\/?p=214875","title":{"rendered":"POC y fiscal\u00eda  realizan jornada deportiva"},"content":{"rendered":"<p><body><\/p>\n<p><span class=\"text1noticias\">Rep. Dom. 22 de Diciembre.-Con el objetivo de lograr una sociedad mas sana la Fiscal\u00eda de Puerto Plata que dirige la magistrada Alba Nu\u00f1ez y el programa Orientaci\u00f3n Comunitaria de la DNCD que dirige el coronel Rafael Cucho Abreu en coordinaci\u00f3n con la Junta de Vecinos del sector realizar\u00f3n su actividad denominada Fiscal\u00eda y Ciudadan\u00eda Activa.<\/span><\/p>\n<\/p>\n<p><span class=\"text1noticias\">En la actividad participaron j\u00f3venes del sector en actividades de Baloncesto, Domin\u00f3, juegos populares y otras actividades con la finalidad de llevar una tarde sana al sector.<\/span><\/p>\n<\/p>\n<p><span class=\"text1noticias\">La presidenta de la Junta de Vecinos del sector, Mar\u00eda de Le\u00f3n y el alcalde de la localidad Jos\u00e9 Reynoso agradecieron a las instituciones en conjunto la realizaci\u00f3n de la actividad que une la familia en contra de los vicios y la corrupci\u00f3n.<\/span><\/p>\n<\/p>\n<p><span class=\"text1noticias\">A trav\u00e9s de este programa se lleva a los sectores temas de prevenci\u00f3n de drogas, prevenci\u00f3n de violencia de g\u00e9nero e intrafamiliar, delincuencia juvenil, los derechos y deberes de los ciudadanos entre otros.(HG)<\/span>.<\/p>\n<h6> 2012-12-22 19:24:06 <\/h6>\n<p><!--\n<link rel=\"stylesheet\" href=\"css\/bootstrap.min.css\">\n\n\n<ul class=\"pagination\">\n\t    \n\t\n\n<li >\n\t<a href='?page_no=21984'>Previous<\/a>\n\t<\/li>\n\n\n       \n    \n\n<li><a href='?page_no=1'>1<\/a><\/li>\n\n\n\n<li><a href='?page_no=2'>2<\/a><\/li>\n\n\n\n<li><a>...<\/a><\/li>\n\n\n\n<li><a href='?page_no=21983'>21983<\/a><\/li>\n\n\n\n<li><a href='?page_no=21984'>21984<\/a><\/li>\n\n\n\n<li class='active'><a>21985<\/a><\/li>\n\n\n\n<li><a href='?page_no=21986'>21986<\/a><\/li>\n\n\n\n<li><a href='?page_no=21987'>21987<\/a><\/li>\n\n\n\n<li><a>...<\/a><\/li>\n\n\n\n<li><a href='?page_no=36618'>36618<\/a><\/li>\n\n\n\n<li><a href='?page_no=36619'>36619<\/a><\/li>\n\n    \n\t\n\n<li >\n\t<a href='?page_no=21986'>Next<\/a>\n\t<\/li>\n\n\n    \n\n<li><a href='?page_no=36619'>Last &rsaquo;&rsaquo;<\/a><\/li>\n\n<\/ul>\n\n\n--><br \/>\n<\/body><\/p>\n","protected":false},"excerpt":{"rendered":"<p>Rep. Dom. 22 de Diciembre.-Con el objetivo de lograr una sociedad mas sana la Fiscal\u00eda de Puerto Plata que dirige la magistrada Alba Nu\u00f1ez y el programa Orientaci\u00f3n Comunitaria de la DNCD que dirige el coronel Rafael Cucho Abreu en coordinaci\u00f3n con la Junta de Vecinos del sector realizar\u00f3n su actividad denominada Fiscal\u00eda y Ciudadan\u00eda [&hellip;]<\/p>\n","protected":false},"author":3,"featured_media":0,"comment_status":"open","ping_status":"open","sticky":false,"template":"","format":"standard","meta":{"footnotes":""},"categories":[17],"tags":[],"class_list":["post-214875","post","type-post","status-publish","format-standard","hentry","category-deportes"],"_links":{"self":[{"href":"https:\/\/diariodominicano.com\/index.php?rest_route=\/wp\/v2\/posts\/214875","targetHints":{"allow":["GET"]}}],"collection":[{"href":"https:\/\/diariodominicano.com\/index.php?rest_route=\/wp\/v2\/posts"}],"about":[{"href":"https:\/\/diariodominicano.com\/index.php?rest_route=\/wp\/v2\/types\/post"}],"author":[{"embeddable":true,"href":"https:\/\/diariodominicano.com\/index.php?rest_route=\/wp\/v2\/users\/3"}],"replies":[{"embeddable":true,"href":"https:\/\/diariodominicano.com\/index.php?rest_route=%2Fwp%2Fv2%2Fcomments&post=214875"}],"version-history":[{"count":0,"href":"https:\/\/diariodominicano.com\/index.php?rest_route=\/wp\/v2\/posts\/214875\/revisions"}],"wp:attachment":[{"href":"https:\/\/diariodominicano.com\/index.php?rest_route=%2Fwp%2Fv2%2Fmedia&parent=214875"}],"wp:term":[{"taxonomy":"category","embeddable":true,"href":"https:\/\/diariodominicano.com\/index.php?rest_route=%2Fwp%2Fv2%2Fcategories&post=214875"},{"taxonomy":"post_tag","embeddable":true,"href":"https:\/\/diariodominicano.com\/index.php?rest_route=%2Fwp%2Fv2%2Ftags&post=214875"}],"curies":[{"name":"wp","href":"https:\/\/api.w.org\/{rel}","templated":true}]}}