{"id":214874,"date":"2012-12-22T20:29:33","date_gmt":"2012-12-22T20:29:33","guid":{"rendered":"http:\/\/diariodominicano.ddns.net\/?p=214874"},"modified":"2012-12-22T20:29:33","modified_gmt":"2012-12-22T20:29:33","slug":"ministros-juventud-y-deportes-se-comprometen-a-trabajar-unidos-por-los-jovenes-del-pais","status":"publish","type":"post","link":"https:\/\/diariodominicano.com\/?p=214874","title":{"rendered":"Ministros Juventud y Deportes se comprometen a trabajar unidos por los j\u00f3venes del pa\u00eds"},"content":{"rendered":"<p><body><\/p>\n<p><span class=\"text1noticias\">Rep. Dom. 22 de Diciembre.-El ministro de la Juventud , ingeniero Jorge Minaya se reuni\u00f3 con el doctor Jaime David Fern\u00e1ndez Mirabal ministro de Deportes, con el prop\u00f3sito de aunar esfuerzos para coordinar y desarrollar actividades deportivas, culturales y educativas en todo el pa\u00eds, dirigidas a los j\u00f3venes en inter\u00e9s de evitar que estos tengan conductas marginales e inadecuadas en la sociedad.<\/span><\/p>\n<\/p>\n<p><span class=\"text1noticias\">El encuentro en el que ambos ministros se comprometieron a realizar un programa conjunto a partir del pr\u00f3ximo mes de enero del 2013, el Despacho del Ministerio de la Juventud, fue el escenario donde los ministros planearon la necesidad donde tambi\u00e9n se encontraba el nadador de Ultradistancia y Viceministro de Deportes Marcos D\u00edaz.<\/span><\/p>\n<\/p>\n<p><span class=\"text1noticias\">Durante la reuni\u00f3n, Fern\u00e1ndez Mirabal, dijo que es necesario que los ministerios de la Juventud y Deportes trabajen unidos para formar una generaci\u00f3n de j\u00f3venes valiosos que permitan crear un cambio en las futuras generaciones juveniles de la Rep\u00fablica Dominicana, con hombres y mujeres de bien, pero sobre todo de ciudadanos responsables e \u00edntegros.<\/span><\/p>\n<\/p>\n<p><span class=\"text1noticias\">Asimismo, destac\u00f3 que la uni\u00f3n de estos ministerios se enfocar\u00e1 en trabajar juntos en materia de juventud, educaci\u00f3n, cultura y deportes con el objetivo de que el pa\u00eds contin\u00fae desarroll\u00e1ndose en estas \u00e1reas.<\/span><\/p>\n<\/p>\n<p><span class=\"text1noticias\">El ministro de Deportes plante\u00f3 la necesidad de que todos los eventos del ministerio sean coordinados de manera conjunta, tomando en cuenta los estudiantes de todos los colegios sin importar la clase social.<\/span><\/p>\n<\/p>\n<p><span class=\"text1noticias\">De su lado, el ministro de la Juventud, ingeniero Jorge Minaya, acogi\u00f3 con benepl\u00e1cito las propuestas del ministro de Deportes Jaime David Fern\u00e1ndez Mirabal, pues este es un gran paso de avance para la naci\u00f3n dominicana que los ministerios de la Juventud y Deportes asuman responsabilidades de trabajo de manera conjunta.<\/span><\/p>\n<\/p>\n<p><span class=\"text1noticias\">Minaya se comprometi\u00f3 a trabajar junto con el ministro de Deportes Jaime David Fern\u00e1ndez Mirabal a beneficio de los j\u00f3venes de los distintos estratos sociales del pa\u00eds, porque ese es su principal objetivo de su gesti\u00f3n como ministro de la juventud. (HG)<\/span>.<\/p>\n<h6> 2012-12-22 20:29:33 <\/h6>\n<p><!--\n<link rel=\"stylesheet\" href=\"css\/bootstrap.min.css\">\n\n\n<ul class=\"pagination\">\n\t    \n\t\n\n<li >\n\t<a href='?page_no=21983'>Previous<\/a>\n\t<\/li>\n\n\n       \n    \n\n<li><a href='?page_no=1'>1<\/a><\/li>\n\n\n\n<li><a href='?page_no=2'>2<\/a><\/li>\n\n\n\n<li><a>...<\/a><\/li>\n\n\n\n<li><a href='?page_no=21982'>21982<\/a><\/li>\n\n\n\n<li><a href='?page_no=21983'>21983<\/a><\/li>\n\n\n\n<li class='active'><a>21984<\/a><\/li>\n\n\n\n<li><a href='?page_no=21985'>21985<\/a><\/li>\n\n\n\n<li><a href='?page_no=21986'>21986<\/a><\/li>\n\n\n\n<li><a>...<\/a><\/li>\n\n\n\n<li><a href='?page_no=36618'>36618<\/a><\/li>\n\n\n\n<li><a href='?page_no=36619'>36619<\/a><\/li>\n\n    \n\t\n\n<li >\n\t<a href='?page_no=21985'>Next<\/a>\n\t<\/li>\n\n\n    \n\n<li><a href='?page_no=36619'>Last &rsaquo;&rsaquo;<\/a><\/li>\n\n<\/ul>\n\n\n--><br \/>\n<\/body><\/p>\n","protected":false},"excerpt":{"rendered":"<p>Rep. Dom. 22 de Diciembre.-El ministro de la Juventud , ingeniero Jorge Minaya se reuni\u00f3 con el doctor Jaime David Fern\u00e1ndez Mirabal ministro de Deportes, con el prop\u00f3sito de aunar esfuerzos para coordinar y desarrollar actividades deportivas, culturales y educativas en todo el pa\u00eds, dirigidas a los j\u00f3venes en inter\u00e9s de evitar que estos tengan [&hellip;]<\/p>\n","protected":false},"author":3,"featured_media":0,"comment_status":"open","ping_status":"open","sticky":false,"template":"","format":"standard","meta":{"footnotes":""},"categories":[17],"tags":[],"class_list":["post-214874","post","type-post","status-publish","format-standard","hentry","category-deportes"],"_links":{"self":[{"href":"https:\/\/diariodominicano.com\/index.php?rest_route=\/wp\/v2\/posts\/214874","targetHints":{"allow":["GET"]}}],"collection":[{"href":"https:\/\/diariodominicano.com\/index.php?rest_route=\/wp\/v2\/posts"}],"about":[{"href":"https:\/\/diariodominicano.com\/index.php?rest_route=\/wp\/v2\/types\/post"}],"author":[{"embeddable":true,"href":"https:\/\/diariodominicano.com\/index.php?rest_route=\/wp\/v2\/users\/3"}],"replies":[{"embeddable":true,"href":"https:\/\/diariodominicano.com\/index.php?rest_route=%2Fwp%2Fv2%2Fcomments&post=214874"}],"version-history":[{"count":0,"href":"https:\/\/diariodominicano.com\/index.php?rest_route=\/wp\/v2\/posts\/214874\/revisions"}],"wp:attachment":[{"href":"https:\/\/diariodominicano.com\/index.php?rest_route=%2Fwp%2Fv2%2Fmedia&parent=214874"}],"wp:term":[{"taxonomy":"category","embeddable":true,"href":"https:\/\/diariodominicano.com\/index.php?rest_route=%2Fwp%2Fv2%2Fcategories&post=214874"},{"taxonomy":"post_tag","embeddable":true,"href":"https:\/\/diariodominicano.com\/index.php?rest_route=%2Fwp%2Fv2%2Ftags&post=214874"}],"curies":[{"name":"wp","href":"https:\/\/api.w.org\/{rel}","templated":true}]}}