{"id":214865,"date":"2012-12-24T15:48:17","date_gmt":"2012-12-24T15:48:17","guid":{"rendered":"http:\/\/diariodominicano.ddns.net\/?p=214865"},"modified":"2012-12-24T15:48:17","modified_gmt":"2012-12-24T15:48:17","slug":"rafael-nadal-iniciara-en-marzo-temporada-en-el-tenis","status":"publish","type":"post","link":"https:\/\/diariodominicano.com\/?p=214865","title":{"rendered":"Rafael Nadal iniciar\u00e1 en marzo temporada en el tenis"},"content":{"rendered":"<p><body><\/p>\n<p>Madrid, Espa\u00f1a 24 diciembre.- La cuenta regresiva para Rafael Nadal est\u00e1 cada vez m\u00e1s cerca del cero y el espa\u00f1ol sabe que su vuelta a la acci\u00f3n, al margen de que sea en una exhibici\u00f3n (debuta el 28 de diciembre en Abu Dabi), concentrar\u00e1 una atenci\u00f3n may\u00fascula.<\/p>\n<\/p>\n<p>Por eso, en los \u00faltimos d\u00edas el entorno del jugador y el propio Rafa se mostraron cautelosos de cara a su regreso, destacando que es reci\u00e9n el primer paso de un proceso para cuya meta faltan todav\u00eda unos meses. \u00abMi temporada arranca en marzo. Mi objetivo real es empezar en perfectas condiciones en Indian Wells y Miami y llegar a Montecarlo con buenas sensaciones, afrontar en buen estado la temporada de tierra\u00bb, resalt\u00f3 este domingo el mallorqu\u00edn, en declaraciones al diario ABC de Espa\u00f1a.<\/p>\n<\/p>\n<p>\u00abNo le doy mucho valor a c\u00f3mo vaya a jugar el pr\u00f3ximo mes y medio o dos meses. Abu Dabi para m\u00ed es una prueba. Mi objetivo no es esa semana, ni tampoco Australia o Doha. Mi objetivo es estar en forma, recuperar del todo mis sensaciones y sentirme del todo preparado, que responda la rodilla. Lo \u00fanico que me importa es la rodilla\u00bb, agreg\u00f3.<\/p>\n<\/p>\n<p>Hoy por hoy, el N84 del mundo todav\u00eda contin\u00faa sufriendo algunas molestias: \u00abS\u00e9 que voy a jugar en Abu Dhabi sin que la rodilla est\u00e9 genial, pero me siento mejor. Los doctores dicen que est\u00e1 muy bien y eso es una gran noticia para m\u00ed, pero sigo sintiendo algo. Calma, yo noto que est\u00e1 mejor pero no la siento perfecta\u00bb.<\/p>\n<\/p>\n<p>\u00bfPodr\u00e1 volver a ser el de antes de la lesi\u00f3n? \u00abLo intentar\u00e9, es lo \u00fanico que puedo hacer. Pero la gente ha de saber que cuando est\u00e1s tantos meses sin competir necesitas un tiempo para progresar. <\/p>\n<\/p>\n<h6> 2012-12-24 15:48:17 <\/h6>\n<p><!--\n<link rel=\"stylesheet\" href=\"css\/bootstrap.min.css\">\n\n\n<ul class=\"pagination\">\n\t    \n\t\n\n<li >\n\t<a href='?page_no=21974'>Previous<\/a>\n\t<\/li>\n\n\n       \n    \n\n<li><a href='?page_no=1'>1<\/a><\/li>\n\n\n\n<li><a href='?page_no=2'>2<\/a><\/li>\n\n\n\n<li><a>...<\/a><\/li>\n\n\n\n<li><a href='?page_no=21973'>21973<\/a><\/li>\n\n\n\n<li><a href='?page_no=21974'>21974<\/a><\/li>\n\n\n\n<li class='active'><a>21975<\/a><\/li>\n\n\n\n<li><a href='?page_no=21976'>21976<\/a><\/li>\n\n\n\n<li><a href='?page_no=21977'>21977<\/a><\/li>\n\n\n\n<li><a>...<\/a><\/li>\n\n\n\n<li><a href='?page_no=36618'>36618<\/a><\/li>\n\n\n\n<li><a href='?page_no=36619'>36619<\/a><\/li>\n\n    \n\t\n\n<li >\n\t<a href='?page_no=21976'>Next<\/a>\n\t<\/li>\n\n\n    \n\n<li><a href='?page_no=36619'>Last &rsaquo;&rsaquo;<\/a><\/li>\n\n<\/ul>\n\n\n--><br \/>\n<\/body><\/p>\n","protected":false},"excerpt":{"rendered":"<p>Madrid, Espa\u00f1a 24 diciembre.- La cuenta regresiva para Rafael Nadal est\u00e1 cada vez m\u00e1s cerca del cero y el espa\u00f1ol sabe que su vuelta a la acci\u00f3n, al margen de que sea en una exhibici\u00f3n (debuta el 28 de diciembre en Abu Dabi), concentrar\u00e1 una atenci\u00f3n may\u00fascula. Por eso, en los \u00faltimos d\u00edas el entorno [&hellip;]<\/p>\n","protected":false},"author":3,"featured_media":0,"comment_status":"open","ping_status":"open","sticky":false,"template":"","format":"standard","meta":{"footnotes":""},"categories":[17],"tags":[],"class_list":["post-214865","post","type-post","status-publish","format-standard","hentry","category-deportes"],"_links":{"self":[{"href":"https:\/\/diariodominicano.com\/index.php?rest_route=\/wp\/v2\/posts\/214865","targetHints":{"allow":["GET"]}}],"collection":[{"href":"https:\/\/diariodominicano.com\/index.php?rest_route=\/wp\/v2\/posts"}],"about":[{"href":"https:\/\/diariodominicano.com\/index.php?rest_route=\/wp\/v2\/types\/post"}],"author":[{"embeddable":true,"href":"https:\/\/diariodominicano.com\/index.php?rest_route=\/wp\/v2\/users\/3"}],"replies":[{"embeddable":true,"href":"https:\/\/diariodominicano.com\/index.php?rest_route=%2Fwp%2Fv2%2Fcomments&post=214865"}],"version-history":[{"count":0,"href":"https:\/\/diariodominicano.com\/index.php?rest_route=\/wp\/v2\/posts\/214865\/revisions"}],"wp:attachment":[{"href":"https:\/\/diariodominicano.com\/index.php?rest_route=%2Fwp%2Fv2%2Fmedia&parent=214865"}],"wp:term":[{"taxonomy":"category","embeddable":true,"href":"https:\/\/diariodominicano.com\/index.php?rest_route=%2Fwp%2Fv2%2Fcategories&post=214865"},{"taxonomy":"post_tag","embeddable":true,"href":"https:\/\/diariodominicano.com\/index.php?rest_route=%2Fwp%2Fv2%2Ftags&post=214865"}],"curies":[{"name":"wp","href":"https:\/\/api.w.org\/{rel}","templated":true}]}}