{"id":214864,"date":"2012-12-24T15:50:39","date_gmt":"2012-12-24T15:50:39","guid":{"rendered":"http:\/\/diariodominicano.ddns.net\/?p=214864"},"modified":"2012-12-24T15:50:39","modified_gmt":"2012-12-24T15:50:39","slug":"iker-casillas-seguira-como-capitan-del-real-madrid","status":"publish","type":"post","link":"https:\/\/diariodominicano.com\/?p=214864","title":{"rendered":"Iker Casillas seguir\u00e1 como capit\u00e1n del Real Madrid"},"content":{"rendered":"<p><body><\/p>\n<p>Malaga, Espa\u00f1a 24 diciembre.- Sergio Ramos, segundo capit\u00e1n del Real Madrid, dio la cara tras una nueva derrota de su equipo, en La Rosaleda ante el M\u00e1laga (3-2) y apoy\u00f3 a Iker Casillas, que fue suplente, al que se\u00f1al\u00f3 \u00abcapit\u00e1n\u00bb del equipo que \u00abva a seguir estando\u00bb.<\/p>\n<\/p>\n<p>\u00abEst\u00e1 claro\u00bb, respondi\u00f3 al ser preguntado si hab\u00eda extra\u00f1ado la suplencia de Casillas. \u00abHabitualmente Iker es capit\u00e1n de este equipo y va a seguir estando porque es un grand\u00edsimo portero\u00bb, a\u00f1adi\u00f3 en Canal +.<\/p>\n<\/p>\n<p>Ramos pidi\u00f3 auto cr\u00edtica a sus compa\u00f1eros tras ponerse a 16 puntos de distancia del l\u00edder, el Barcelona. \u00abNo estamos para pensar en el l\u00edder ni en nadie, pensar en nosotros mismos, ser autocr\u00edticos cada uno y exigirnos mucho m\u00e1s para que no se vayan tantos puntos. Se pone muy dif\u00edcil la Liga, casi imposible\u00bb.<\/p>\n<\/p>\n<p>\u00abCuando no se gana se sacan muchas conclusiones, es cuando hay que tener m\u00e1s cabeza y no hacer declaraciones en caliente que no aportan. Hoy otra vez se nos van puntos, ha sido muy importante la actitud del equipo pero hay que tener mas punter\u00eda\u00bb, sentenci\u00f3.<\/p>\n<\/p>\n<p>Decisi\u00f3n<\/p>\n<p>Emilio Butrague\u00f1o, director de relaciones institucionales del Real Madrid, calific\u00f3 la suplencia del capit\u00e1n Iker Casillas en La Rosaleda como \u00abuna decisi\u00f3n t\u00e9cnica\u00bb de Jos\u00e9 Mourinho en la que los directivos no entran.<\/p>\n<\/p>\n<p>\u00abEs una decisi\u00f3n t\u00e9cnica en la que no entramos como nunca hemos hecho. Mourinho es el entrenador, nosotros lo respetamos absolutamente\u00bb, asegur\u00f3 en el micr\u00f3fono de Canal Plus.<\/p>\n<\/p>\n<p>Butrague\u00f1o analiz\u00f3 una nueva derrota del Real Madrid: \u00abTodas las circunstancias nos son adversas. Nuestro primer tiempo fue notable, merecimos irnos 0-2 al descanso, tuvimos ocasiones claras y ellos ninguna\u00bb.<\/p>\n<\/p>\n<p>\u00abCon el gol de Isco fueron sus mejores minutos, tuvimos el empate pero su segunda parte fue muy buena, con jugadores t\u00e9cnicamente muy bien dotados. Se asocian muy bien. Es un paso atr\u00e1s que no esper\u00e1bamos. Hay que levantar la cabeza. Se van de vacaciones y hay que preparar bien la segunda parte de la temporada\u00bb, a\u00f1adi\u00f3.<\/p>\n<\/p>\n<p>Hizo extensible la derrota a todos Butrague\u00f1o, que pese a los 16 puntos de diferencia con el Barcelona no dio la Liga por perdida: \u00abCuando ganamos lo hacemos todos y al perder lo hacemos todos tambi\u00e9n. Es un equipo y esto un deporte colectivo\u00bb.<\/p>\n<\/p>\n<p>\u00abSomos el Real Madrid, hemos dado un paso atr\u00e1s y estamos inesperadamente lejos a estas alturas del campeonato, pero no significa que no vayamos a luchar cada partido por el prestigio del club. Cada partido es una oportunidad de demostrar lo que somos. Los resultados no son lo que se espera pero no tenemos otra obligaci\u00f3n que dar todo lo que tenemos en el campo\u00bb, concluy\u00f3.<\/p>\n<\/p>\n<h6> 2012-12-24 15:50:39 <\/h6>\n<p><!--\n<link rel=\"stylesheet\" href=\"css\/bootstrap.min.css\">\n\n\n<ul class=\"pagination\">\n\t    \n\t\n\n<li >\n\t<a href='?page_no=21973'>Previous<\/a>\n\t<\/li>\n\n\n       \n    \n\n<li><a href='?page_no=1'>1<\/a><\/li>\n\n\n\n<li><a href='?page_no=2'>2<\/a><\/li>\n\n\n\n<li><a>...<\/a><\/li>\n\n\n\n<li><a href='?page_no=21972'>21972<\/a><\/li>\n\n\n\n<li><a href='?page_no=21973'>21973<\/a><\/li>\n\n\n\n<li class='active'><a>21974<\/a><\/li>\n\n\n\n<li><a href='?page_no=21975'>21975<\/a><\/li>\n\n\n\n<li><a href='?page_no=21976'>21976<\/a><\/li>\n\n\n\n<li><a>...<\/a><\/li>\n\n\n\n<li><a href='?page_no=36618'>36618<\/a><\/li>\n\n\n\n<li><a href='?page_no=36619'>36619<\/a><\/li>\n\n    \n\t\n\n<li >\n\t<a href='?page_no=21975'>Next<\/a>\n\t<\/li>\n\n\n    \n\n<li><a href='?page_no=36619'>Last &rsaquo;&rsaquo;<\/a><\/li>\n\n<\/ul>\n\n\n--><br \/>\n<\/body><\/p>\n","protected":false},"excerpt":{"rendered":"<p>Malaga, Espa\u00f1a 24 diciembre.- Sergio Ramos, segundo capit\u00e1n del Real Madrid, dio la cara tras una nueva derrota de su equipo, en La Rosaleda ante el M\u00e1laga (3-2) y apoy\u00f3 a Iker Casillas, que fue suplente, al que se\u00f1al\u00f3 \u00abcapit\u00e1n\u00bb del equipo que \u00abva a seguir estando\u00bb. \u00abEst\u00e1 claro\u00bb, respondi\u00f3 al ser preguntado si hab\u00eda [&hellip;]<\/p>\n","protected":false},"author":3,"featured_media":0,"comment_status":"open","ping_status":"open","sticky":false,"template":"","format":"standard","meta":{"footnotes":""},"categories":[17],"tags":[],"class_list":["post-214864","post","type-post","status-publish","format-standard","hentry","category-deportes"],"_links":{"self":[{"href":"https:\/\/diariodominicano.com\/index.php?rest_route=\/wp\/v2\/posts\/214864","targetHints":{"allow":["GET"]}}],"collection":[{"href":"https:\/\/diariodominicano.com\/index.php?rest_route=\/wp\/v2\/posts"}],"about":[{"href":"https:\/\/diariodominicano.com\/index.php?rest_route=\/wp\/v2\/types\/post"}],"author":[{"embeddable":true,"href":"https:\/\/diariodominicano.com\/index.php?rest_route=\/wp\/v2\/users\/3"}],"replies":[{"embeddable":true,"href":"https:\/\/diariodominicano.com\/index.php?rest_route=%2Fwp%2Fv2%2Fcomments&post=214864"}],"version-history":[{"count":0,"href":"https:\/\/diariodominicano.com\/index.php?rest_route=\/wp\/v2\/posts\/214864\/revisions"}],"wp:attachment":[{"href":"https:\/\/diariodominicano.com\/index.php?rest_route=%2Fwp%2Fv2%2Fmedia&parent=214864"}],"wp:term":[{"taxonomy":"category","embeddable":true,"href":"https:\/\/diariodominicano.com\/index.php?rest_route=%2Fwp%2Fv2%2Fcategories&post=214864"},{"taxonomy":"post_tag","embeddable":true,"href":"https:\/\/diariodominicano.com\/index.php?rest_route=%2Fwp%2Fv2%2Ftags&post=214864"}],"curies":[{"name":"wp","href":"https:\/\/api.w.org\/{rel}","templated":true}]}}