{"id":214862,"date":"2012-12-24T17:45:12","date_gmt":"2012-12-24T17:45:12","guid":{"rendered":"http:\/\/diariodominicano.ddns.net\/?p=214862"},"modified":"2012-12-24T17:45:12","modified_gmt":"2012-12-24T17:45:12","slug":"la-fundacion-san-juan-bosco-celebra-convivio-y-lleva-mensaje-a-la-juventud-rd","status":"publish","type":"post","link":"https:\/\/diariodominicano.com\/?p=214862","title":{"rendered":"La fundaci\u00f3n San Juan Bosco celebra convivio y lleva mensaje a la juventud RD"},"content":{"rendered":"<p><body><\/p>\n<p><span class=\"text1noticias\">Rep. Dom. 24 de Diciembre-. La Fundaci\u00f3n \u00abSan Juan Bosco\u00bb,  Deportiva y Cultural, celebr\u00f3 su 1er. Convivio para la ni\u00f1ez y la juventud de ambos sexos, con el firme prop\u00f3sito de llevar mensajes de orientaci\u00f3n y formaci\u00f3n a ese importante sector de la poblaci\u00f3n.<\/span><\/p>\n<\/p>\n<p><span class=\"text1noticias\">La actividad se llev\u00f3 a cabo en el estadio No. 2 del Centro Ol\u00edmpico Juan Pablo Duarte. La invocaci\u00f3n a Dios la hizo el profesor Juan Valdez Mena, poniendo el evento en manos del Creador. El maestro de ceremonia fue el general (FAD), Osvaldo Cepeda y Cepeda tuvo a su cargo la conducci\u00f3n del acto.<\/span><\/p>\n<p><span class=\"text1noticias\">La ceremonia deportiva tuvo una especial dedicatoria al Cardenal Nicol\u00e1s de Jes\u00fas L\u00f3pez Rodr\u00edguez, Arzobispo Metropolitano de Santo Domingo Primado de Am\u00e9rica.<\/span><\/p>\n<\/p>\n<p><span class=\"text1noticias\">El acto se inici\u00f3 con desfile de los participantes, el himno nacional por la banda de m\u00fasica del Palacio Nacional, e izamiento de banderas, la nacional por el Doctor Aldo Russo Fern\u00e1ndez, la del Comit\u00e9 Ol\u00edmpico por H\u00e9ctor Julio Pacheco y la de la Alcald\u00eda del Distrito Nacional por el Doctor Juan Moreno.<\/span><\/p>\n<p><span class=\"text1noticias\">El presidente de la Fundaci\u00f3n \u00abSan Juan Bosco\u00bb, el inmortal del deporte dominicano, Mois\u00e9s Lembert, al hacer uso de las palabras centrales proclam\u00f3 que la entidad tiene un compromiso firme con la ni\u00f1ez y la juventud que hace deporte y por eso no desmayar\u00e1 en brindar su soporte, asesor\u00eda y llevar mensajes sanos.<\/span><\/p>\n<\/p>\n<p><span class=\"text1noticias\">\u00abNo vamos a ceder un cent\u00edmetro en esta tarea tit\u00e1nica que llevamos en estos d\u00edas turbulentos que vive la humanidad, con tantas distracciones\u00bb, adujo Lembert.<\/span><\/p>\n<\/p>\n<p><span class=\"text1noticias\">Luego, el doctor Luis Scheker Ort\u00edz, presidente del Comit\u00e9 Permanente del Pabell\u00f3n de la Fama del Deporte de la Rep\u00fablica Dominicana, dio la exhortaci\u00f3n al auditorio deportivo.<\/span><\/p>\n<\/p>\n<p><span class=\"text1noticias\">\u00abEs un honor dirigirme a este p\u00fablico y les exhorto a seguir haciendo deporte, ya que es uno de los estamentos de la sociedad m\u00e1s sano y que mayor satisfacci\u00f3n personal brinda a la familia dominicana\u00bb, exclam\u00f3 el doctor Ort\u00edz.<\/span><\/p>\n<\/p>\n<p><span class=\"text1noticias\">Los tres mensajes El doctor Domingo Porfirio Rojas Nina, el doctor Salvador P\u00e9rez Mart\u00ednez (El Pera) y la licenciada Evelyn Rojas, como invitadosespeciales de la Fundaci\u00f3n, pidieron a los cientos de ni\u00f1os a que sigan las orientaciones de sus padres, de sus profesores, de losmayores, jam\u00e1s descuiden sus estudios y que practiquen deporte, el cual es el menor veh\u00edculo para mantener la sanidad en esta sociedad.<\/span><\/p>\n<\/p>\n<p><span class=\"text1noticias\">El poeta y declamador afro-antillano, Tirso Medrano, la soprano Teresa Ort\u00edz de Machuca y el cantautor y bar\u00edtono, Orlando Allens, tuvieron a su cargo la parte art\u00edstica, la cual fue disfrutada por todos los presentes.<\/span><\/p>\n<\/p>\n<p><span class=\"text1noticias\">La actividad fue cerrada por el grupo de abanderados del Liceo Juan Pablo Duarte y el grupo flocl\u00f3rico de la Uni\u00f3n Democr\u00e1tica Cristiana (UDC), que preside Luis Acosta Moreta (El Gallo).(HG).<\/span><\/p>\n<\/p>\n<h6> 2012-12-24 17:45:12 <\/h6>\n<p><!--\n<link rel=\"stylesheet\" href=\"css\/bootstrap.min.css\">\n\n\n<ul class=\"pagination\">\n\t    \n\t\n\n<li >\n\t<a href='?page_no=21971'>Previous<\/a>\n\t<\/li>\n\n\n       \n    \n\n<li><a href='?page_no=1'>1<\/a><\/li>\n\n\n\n<li><a href='?page_no=2'>2<\/a><\/li>\n\n\n\n<li><a>...<\/a><\/li>\n\n\n\n<li><a href='?page_no=21970'>21970<\/a><\/li>\n\n\n\n<li><a href='?page_no=21971'>21971<\/a><\/li>\n\n\n\n<li class='active'><a>21972<\/a><\/li>\n\n\n\n<li><a href='?page_no=21973'>21973<\/a><\/li>\n\n\n\n<li><a href='?page_no=21974'>21974<\/a><\/li>\n\n\n\n<li><a>...<\/a><\/li>\n\n\n\n<li><a href='?page_no=36618'>36618<\/a><\/li>\n\n\n\n<li><a href='?page_no=36619'>36619<\/a><\/li>\n\n    \n\t\n\n<li >\n\t<a href='?page_no=21973'>Next<\/a>\n\t<\/li>\n\n\n    \n\n<li><a href='?page_no=36619'>Last &rsaquo;&rsaquo;<\/a><\/li>\n\n<\/ul>\n\n\n--><br \/>\n<\/body><\/p>\n","protected":false},"excerpt":{"rendered":"<p>Rep. Dom. 24 de Diciembre-. La Fundaci\u00f3n \u00abSan Juan Bosco\u00bb, Deportiva y Cultural, celebr\u00f3 su 1er. Convivio para la ni\u00f1ez y la juventud de ambos sexos, con el firme prop\u00f3sito de llevar mensajes de orientaci\u00f3n y formaci\u00f3n a ese importante sector de la poblaci\u00f3n. La actividad se llev\u00f3 a cabo en el estadio No. 2 [&hellip;]<\/p>\n","protected":false},"author":3,"featured_media":0,"comment_status":"open","ping_status":"open","sticky":false,"template":"","format":"standard","meta":{"footnotes":""},"categories":[17],"tags":[],"class_list":["post-214862","post","type-post","status-publish","format-standard","hentry","category-deportes"],"_links":{"self":[{"href":"https:\/\/diariodominicano.com\/index.php?rest_route=\/wp\/v2\/posts\/214862","targetHints":{"allow":["GET"]}}],"collection":[{"href":"https:\/\/diariodominicano.com\/index.php?rest_route=\/wp\/v2\/posts"}],"about":[{"href":"https:\/\/diariodominicano.com\/index.php?rest_route=\/wp\/v2\/types\/post"}],"author":[{"embeddable":true,"href":"https:\/\/diariodominicano.com\/index.php?rest_route=\/wp\/v2\/users\/3"}],"replies":[{"embeddable":true,"href":"https:\/\/diariodominicano.com\/index.php?rest_route=%2Fwp%2Fv2%2Fcomments&post=214862"}],"version-history":[{"count":0,"href":"https:\/\/diariodominicano.com\/index.php?rest_route=\/wp\/v2\/posts\/214862\/revisions"}],"wp:attachment":[{"href":"https:\/\/diariodominicano.com\/index.php?rest_route=%2Fwp%2Fv2%2Fmedia&parent=214862"}],"wp:term":[{"taxonomy":"category","embeddable":true,"href":"https:\/\/diariodominicano.com\/index.php?rest_route=%2Fwp%2Fv2%2Fcategories&post=214862"},{"taxonomy":"post_tag","embeddable":true,"href":"https:\/\/diariodominicano.com\/index.php?rest_route=%2Fwp%2Fv2%2Ftags&post=214862"}],"curies":[{"name":"wp","href":"https:\/\/api.w.org\/{rel}","templated":true}]}}