{"id":214851,"date":"2012-12-27T14:28:15","date_gmt":"2012-12-27T14:28:15","guid":{"rendered":"http:\/\/diariodominicano.ddns.net\/?p=214851"},"modified":"2012-12-27T14:28:15","modified_gmt":"2012-12-27T14:28:15","slug":"los-toros-anaden-poder-a-su-solida-velocidad-refuerzos-se-integran","status":"publish","type":"post","link":"https:\/\/diariodominicano.com\/?p=214851","title":{"rendered":"Los Toros a\u00f1aden poder a su s\u00f3lida velocidad; refuerzos se integran"},"content":{"rendered":"<p><body><\/p>\n<p>La Romana RD 27 diciembre.- El lanzador derecho Alfredo F\u00edgaro, el jugador de cuadro Donell Linares y el jardinero Mois\u00e9s Sierra se reportaron ayer a las pr\u00e1cticas de los Toros del Este y de inmediato se pusieron a la orden del dirigente Carlos Febles para el inicio hoy de la serie semifinal del b\u00e9isbol dominicano.<\/p>\n<\/p>\n<p>Carlos Peguero, quien est\u00e1 supuesto a ser el cuarto bate, prometi\u00f3 estar en uniforme este jueves para el primer partido ante las Estrellas en el estadio Tetelo Vargas.<\/p>\n<\/p>\n<p>De los importados, el lanzador Kevin Pucetas y el receptor Ren\u00e9 Rivera se reportan hoy y el lanzador zurdo C.J. Notwiski llegar\u00e1 ma\u00f1ana, lo que quiere decir que todos los refuerzos han dado el s\u00ed a la gerencia naranja.<\/p>\n<\/p>\n<p>\u00abHemos insertado fuerza y bateo de contacto a la parte media de nuestra alineaci\u00f3n, pero el factor que m\u00e1s valoro es la entrega al juego de mis jugadores\u00bb, dijo Febles al dar la bienvenida a los nuevos integrantes y resaltar como nunca se baj\u00f3 la guardia mientras el equipo pasaba un momento dif\u00edcil en la \u00faltima parte de la serie regular. Se\u00f1al\u00f3 que hombro a hombro est\u00e1n en condiciones de dar la batalla a sus tres adversarios, \u00abs\u00f3lo las acciones en el terreno determinar\u00e1n cu\u00e1les equipos avanzar\u00e1n y espero que el nuestro sea uno de los dos\u00bb.<\/p>\n<\/p>\n<p>Se refiri\u00f3 a la velocidad natural del equipo que aportan Jos\u00e9 Constanza, Jos\u00e9 Ram\u00edrez, Esteban Germ\u00e1n, Eugenio V\u00e9lez, Pedro Ciriaco y Eduardo N\u00fa\u00f1ez, principalmente.<\/p>\n<\/p>\n<p>\u00abAhora tenemos una buena combinaci\u00f3n de velocidad con bateo de poder y de contacto de extrabases que estar\u00e1 en los bates de Peguero, Linares, Ricardo Nanita, Sierra y James Romak, y pienso que le podemos sacar provecho\u00bb, se\u00f1al\u00f3.<\/p>\n<\/p>\n<p>Los Toros batearon .262 en la campa\u00f1a regular s\u00f3lo por debajo de las \u00c1guilas (.266), pero se evidenciaba una falta de poder no s\u00f3lo para dar jonrones (22) sino para meter la bola en los canales.<\/p>\n<\/p>\n<p>Dijo que tambi\u00e9n espera una notable mejor\u00eda en la defensa o \u00abque los errores no lleguen en los momentos cruciales\u00bb.<\/p>\n<\/p>\n<p>A las pr\u00e1cticas acudieron Nanita, Germ\u00e1n, V\u00e9lez, Linares, Sierra, F\u00edgaro, Abad, Ozzie Ch\u00e1vez, Ruddy Yan, JR D\u00edaz, \u00c1ngel Villalona, Osiris Matos, C\u00e9sar Puello, Allen Hanson, Diory Hern\u00e1ndez, entre otros.<\/p>\n<\/p>\n<p>El pitcheo <\/p>\n<p>Febles confirm\u00f3 que los dos primeros partidos ser\u00e1n lanzados por Ra\u00fal Vald\u00e9s, hoy ante las Estrellas, y Alfredo F\u00edgaro, ma\u00f1ana ante las \u00c1guilas. Se espera conocer las condiciones que traen los lanzadores importados que llegan entre hoy y ma\u00f1ana para terminar de conformar la rotaci\u00f3n.<\/p>\n<\/p>\n<p>El zurdo Fernando Abad es una opci\u00f3n para abrir juegos si no es utilizado como relevista en los primeros dos partidos.<\/p>\n<\/p>\n<p>Aneury Rodr\u00edguez y Claudio Vargas fueron detenidos en su accionar por sus equipos en Jap\u00f3n y Estados Unidos (Azulejos), respectivamente.<\/p>\n<\/p>\n<h6> 2012-12-27 14:28:15 <\/h6>\n<p><!--\n<link rel=\"stylesheet\" href=\"css\/bootstrap.min.css\">\n\n\n<ul class=\"pagination\">\n\t    \n\t\n\n<li >\n\t<a href='?page_no=21960'>Previous<\/a>\n\t<\/li>\n\n\n       \n    \n\n<li><a href='?page_no=1'>1<\/a><\/li>\n\n\n\n<li><a href='?page_no=2'>2<\/a><\/li>\n\n\n\n<li><a>...<\/a><\/li>\n\n\n\n<li><a href='?page_no=21959'>21959<\/a><\/li>\n\n\n\n<li><a href='?page_no=21960'>21960<\/a><\/li>\n\n\n\n<li class='active'><a>21961<\/a><\/li>\n\n\n\n<li><a href='?page_no=21962'>21962<\/a><\/li>\n\n\n\n<li><a href='?page_no=21963'>21963<\/a><\/li>\n\n\n\n<li><a>...<\/a><\/li>\n\n\n\n<li><a href='?page_no=36618'>36618<\/a><\/li>\n\n\n\n<li><a href='?page_no=36619'>36619<\/a><\/li>\n\n    \n\t\n\n<li >\n\t<a href='?page_no=21962'>Next<\/a>\n\t<\/li>\n\n\n    \n\n<li><a href='?page_no=36619'>Last &rsaquo;&rsaquo;<\/a><\/li>\n\n<\/ul>\n\n\n--><br \/>\n<\/body><\/p>\n","protected":false},"excerpt":{"rendered":"<p>La Romana RD 27 diciembre.- El lanzador derecho Alfredo F\u00edgaro, el jugador de cuadro Donell Linares y el jardinero Mois\u00e9s Sierra se reportaron ayer a las pr\u00e1cticas de los Toros del Este y de inmediato se pusieron a la orden del dirigente Carlos Febles para el inicio hoy de la serie semifinal del b\u00e9isbol dominicano. [&hellip;]<\/p>\n","protected":false},"author":3,"featured_media":0,"comment_status":"open","ping_status":"open","sticky":false,"template":"","format":"standard","meta":{"footnotes":""},"categories":[17],"tags":[],"class_list":["post-214851","post","type-post","status-publish","format-standard","hentry","category-deportes"],"_links":{"self":[{"href":"https:\/\/diariodominicano.com\/index.php?rest_route=\/wp\/v2\/posts\/214851","targetHints":{"allow":["GET"]}}],"collection":[{"href":"https:\/\/diariodominicano.com\/index.php?rest_route=\/wp\/v2\/posts"}],"about":[{"href":"https:\/\/diariodominicano.com\/index.php?rest_route=\/wp\/v2\/types\/post"}],"author":[{"embeddable":true,"href":"https:\/\/diariodominicano.com\/index.php?rest_route=\/wp\/v2\/users\/3"}],"replies":[{"embeddable":true,"href":"https:\/\/diariodominicano.com\/index.php?rest_route=%2Fwp%2Fv2%2Fcomments&post=214851"}],"version-history":[{"count":0,"href":"https:\/\/diariodominicano.com\/index.php?rest_route=\/wp\/v2\/posts\/214851\/revisions"}],"wp:attachment":[{"href":"https:\/\/diariodominicano.com\/index.php?rest_route=%2Fwp%2Fv2%2Fmedia&parent=214851"}],"wp:term":[{"taxonomy":"category","embeddable":true,"href":"https:\/\/diariodominicano.com\/index.php?rest_route=%2Fwp%2Fv2%2Fcategories&post=214851"},{"taxonomy":"post_tag","embeddable":true,"href":"https:\/\/diariodominicano.com\/index.php?rest_route=%2Fwp%2Fv2%2Ftags&post=214851"}],"curies":[{"name":"wp","href":"https:\/\/api.w.org\/{rel}","templated":true}]}}