{"id":214848,"date":"2012-12-27T14:48:29","date_gmt":"2012-12-27T14:48:29","guid":{"rendered":"http:\/\/diariodominicano.ddns.net\/?p=214848"},"modified":"2012-12-27T14:48:29","modified_gmt":"2012-12-27T14:48:29","slug":"muere-el-periodista-jose-oscar-fernandez","status":"publish","type":"post","link":"https:\/\/diariodominicano.com\/?p=214848","title":{"rendered":"Muere el periodista Jos\u00e9 Oscar Fern\u00e1ndez"},"content":{"rendered":"<p><body><\/p>\n<p>Santo Domingo RD 27 diciembre.- Falleci\u00f3 anoche el veterano cronista deportivo Jos\u00e9 Oscar Fern\u00e1ndez, luego de batallar por varios a\u00f1os con padecimientos de salud.<\/p>\n<\/p>\n<p>Jos\u00e9 Oscar, quien labor\u00f3 en distintos medios de comunicaci\u00f3n perdi\u00f3 la lucha contra la diabetes. Muri\u00f3 a la edad de 57 a\u00f1os.<\/p>\n<\/p>\n<p>Para hoy en la ma\u00f1ana sus familiares informar\u00e1n del lugar donde ser\u00e1n velados sus restos y el cementerio donde recibir\u00e1 cristiana sepultura. La muerte lo encontr\u00f3 en su hogar del barrio Manganagua de esta capital. Le sobreviven su esposa Yolanda S\u00e1nchez, sus hijas Pamela y Est\u00e9fani Fern\u00e1ndez.<\/p>\n<\/p>\n<p>Jos\u00e9 Oscar fue un periodista de larga trayectoria en la cr\u00f3nica deportiva, quien lleg\u00f3 a serie Editor Deportivo de los peri\u00f3dicos La Noticia y El Expreso, as\u00ed como del canal 4 y Rahintel.<\/p>\n<\/p>\n<p>Hace poco m\u00e1s de un a\u00f1o un libvro, Los Doce Magn\u00edficos, en el cual destacaba todo lo relacionado al baloncesto dominicano.<\/p>\n<\/p>\n<p>En la actualidad y a pesar de su enfermedad laboraba en el programa televisivo Momentos del Boxeo y era colaborador del portal de Internet Tu Boxeo.com.<\/p>\n<\/p>\n<\/p>\n<h6> 2012-12-27 14:48:29 <\/h6>\n<p><!--\n<link rel=\"stylesheet\" href=\"css\/bootstrap.min.css\">\n\n\n<ul class=\"pagination\">\n\t    \n\t\n\n<li >\n\t<a href='?page_no=21957'>Previous<\/a>\n\t<\/li>\n\n\n       \n    \n\n<li><a href='?page_no=1'>1<\/a><\/li>\n\n\n\n<li><a href='?page_no=2'>2<\/a><\/li>\n\n\n\n<li><a>...<\/a><\/li>\n\n\n\n<li><a href='?page_no=21956'>21956<\/a><\/li>\n\n\n\n<li><a href='?page_no=21957'>21957<\/a><\/li>\n\n\n\n<li class='active'><a>21958<\/a><\/li>\n\n\n\n<li><a href='?page_no=21959'>21959<\/a><\/li>\n\n\n\n<li><a href='?page_no=21960'>21960<\/a><\/li>\n\n\n\n<li><a>...<\/a><\/li>\n\n\n\n<li><a href='?page_no=36618'>36618<\/a><\/li>\n\n\n\n<li><a href='?page_no=36619'>36619<\/a><\/li>\n\n    \n\t\n\n<li >\n\t<a href='?page_no=21959'>Next<\/a>\n\t<\/li>\n\n\n    \n\n<li><a href='?page_no=36619'>Last &rsaquo;&rsaquo;<\/a><\/li>\n\n<\/ul>\n\n\n--><br \/>\n<\/body><\/p>\n","protected":false},"excerpt":{"rendered":"<p>Santo Domingo RD 27 diciembre.- Falleci\u00f3 anoche el veterano cronista deportivo Jos\u00e9 Oscar Fern\u00e1ndez, luego de batallar por varios a\u00f1os con padecimientos de salud. Jos\u00e9 Oscar, quien labor\u00f3 en distintos medios de comunicaci\u00f3n perdi\u00f3 la lucha contra la diabetes. Muri\u00f3 a la edad de 57 a\u00f1os. Para hoy en la ma\u00f1ana sus familiares informar\u00e1n del [&hellip;]<\/p>\n","protected":false},"author":3,"featured_media":0,"comment_status":"open","ping_status":"open","sticky":false,"template":"","format":"standard","meta":{"footnotes":""},"categories":[17],"tags":[],"class_list":["post-214848","post","type-post","status-publish","format-standard","hentry","category-deportes"],"_links":{"self":[{"href":"https:\/\/diariodominicano.com\/index.php?rest_route=\/wp\/v2\/posts\/214848","targetHints":{"allow":["GET"]}}],"collection":[{"href":"https:\/\/diariodominicano.com\/index.php?rest_route=\/wp\/v2\/posts"}],"about":[{"href":"https:\/\/diariodominicano.com\/index.php?rest_route=\/wp\/v2\/types\/post"}],"author":[{"embeddable":true,"href":"https:\/\/diariodominicano.com\/index.php?rest_route=\/wp\/v2\/users\/3"}],"replies":[{"embeddable":true,"href":"https:\/\/diariodominicano.com\/index.php?rest_route=%2Fwp%2Fv2%2Fcomments&post=214848"}],"version-history":[{"count":0,"href":"https:\/\/diariodominicano.com\/index.php?rest_route=\/wp\/v2\/posts\/214848\/revisions"}],"wp:attachment":[{"href":"https:\/\/diariodominicano.com\/index.php?rest_route=%2Fwp%2Fv2%2Fmedia&parent=214848"}],"wp:term":[{"taxonomy":"category","embeddable":true,"href":"https:\/\/diariodominicano.com\/index.php?rest_route=%2Fwp%2Fv2%2Fcategories&post=214848"},{"taxonomy":"post_tag","embeddable":true,"href":"https:\/\/diariodominicano.com\/index.php?rest_route=%2Fwp%2Fv2%2Ftags&post=214848"}],"curies":[{"name":"wp","href":"https:\/\/api.w.org\/{rel}","templated":true}]}}