{"id":214837,"date":"2012-12-28T17:51:54","date_gmt":"2012-12-28T17:51:54","guid":{"rendered":"http:\/\/diariodominicano.ddns.net\/?p=214837"},"modified":"2012-12-28T17:51:54","modified_gmt":"2012-12-28T17:51:54","slug":"rafael-nadal-renuncia-a-doha-y-australia-por-un-virus-gastrointestinal","status":"publish","type":"post","link":"https:\/\/diariodominicano.com\/?p=214837","title":{"rendered":"&#13;Rafael Nadal renuncia a Doha y Australia por un virus gastrointestinal"},"content":{"rendered":"<p><body><\/p>\n<p>Palma, Espa\u00f1a  28 diciembre.- El tenista mallorqu\u00edn Rafa Nadal, cuarto en la clasificaci\u00f3n de la ATP, ha renunciado a participar en el torneo de Doha y en el Abierto de Australia porque sigue aquejado del virus estomacal que le ha impedido reaparecer en el torneo de Abu Dabi, como ten\u00eda previsto tras recuperarse de su lesi\u00f3n de rodilla.<\/p>\n<\/p>\n<p>Seg\u00fan ha anunciado hoy su equipo en un comunicado, los m\u00e9dicos le han recomendado reposo deportivo durante los pr\u00f3ximos siete d\u00edas y tratamiento de la infecci\u00f3n g\u00e1strica durante cuatro o cinco d\u00edas.<\/p>\n<\/p>\n<p>El tenista mallorqu\u00edn, que jug\u00f3 la final del abierto australiano el a\u00f1o pasado, ha asegurado que su rodilla izquierda \u00abest\u00e1 bastante mejor y el proceso de recuperaci\u00f3n ha ido seg\u00fan lo previsto por los m\u00e9dicos\u00bb.<\/p>\n<\/p>\n<p>Sin embargo, en su vuelta a las pistas se ha topado con un virus estomacal que le ha impedido entrenarse durante la \u00faltima semana. \u00abMuy a mi pesar no podr\u00e9 reaparecer en el momento que hab\u00edamos previsto\u00bb, ha dicho.<\/p>\n<\/p>\n<p>\u00abTal y como dicen los m\u00e9dicos y mi equipo, lo m\u00e1s prudente es hacer las cosas bien y este virus ha hecho retrasar todos mis planes de reaparecer en estos d\u00edas. Mi reaparici\u00f3n tendr\u00e1 que esperar hasta el torneo de Acapulco, si bien no descartar\u00eda la posibilidad de reaparecer en alg\u00fan torneo antes\u00bb, ha explicado el tenista.<\/p>\n<\/p>\n<p>Ha insistido en que solo volver\u00e1 al circuito cuando se encuentre en las condiciones \u00f3ptimas para competir. \u00abTras todo este tiempo apartado de las pistas, prefiero no acelerar la reaparici\u00f3n y hacer las cosas bien\u00bb, ha incidido Nadal.<\/p>\n<\/p>\n<p>Su m\u00e9dico, \u00c1ngel Ruiz-Cotorro, ha detallado que la gastroenteritis que afect\u00f3 al manacorense la semana pasada le provoc\u00f3 fiebre alta durante cuatro o cinco d\u00edas, por lo que ahora necesita reposar durante una semana.<\/p>\n<\/p>\n<p>\u00abDadas las circunstancias, y teniendo en cuenta que el pr\u00f3ximo torneo en Doha empieza la semana entrante, no estar\u00e1 en condiciones f\u00edsicas suficientes para seguir con el proceso de readaptaci\u00f3n necesario, haciendo tambi\u00e9n imposible su participaci\u00f3n en el Abierto de Australia\u00bb, ha explicado el m\u00e9dico.<\/p>\n<\/p>\n<p>Para Toni Nadal, su entrenador, ser\u00eda \u00abmuy precipitado\u00bb que Rafa compitiera en el primer \u00abgrand slam\u00bb del a\u00f1o \u00absin haber tenido un periodo de adaptaci\u00f3n a la competici\u00f3n\u00bb, en la que los partidos se disputan a cinco sets, ha recordado.<\/p>\n<\/p>\n<p>\u00abNo creo que Rafael pueda estar preparado para afrontar una competici\u00f3n tan exigente con tan poca preparaci\u00f3n. Es verdad que hemos tenido algo de mala suerte con esta complicaci\u00f3n, pero qu\u00e9 se le va a hacer\u00bb, ha incidido el preparador.<\/p>\n<\/p>\n<p>\u00abDespu\u00e9s de tanto tiempo mejor hacer las cosas bien y lo m\u00e1s profesional es empezar cuando estemos bien\u00bb, ha concluido.<\/p>\n<\/p>\n<\/p>\n<\/p>\n<h6> 2012-12-28 17:51:54 <\/h6>\n<p><!--\n<link rel=\"stylesheet\" href=\"css\/bootstrap.min.css\">\n\n\n<ul class=\"pagination\">\n\t    \n\t\n\n<li >\n\t<a href='?page_no=21946'>Previous<\/a>\n\t<\/li>\n\n\n       \n    \n\n<li><a href='?page_no=1'>1<\/a><\/li>\n\n\n\n<li><a href='?page_no=2'>2<\/a><\/li>\n\n\n\n<li><a>...<\/a><\/li>\n\n\n\n<li><a href='?page_no=21945'>21945<\/a><\/li>\n\n\n\n<li><a href='?page_no=21946'>21946<\/a><\/li>\n\n\n\n<li class='active'><a>21947<\/a><\/li>\n\n\n\n<li><a href='?page_no=21948'>21948<\/a><\/li>\n\n\n\n<li><a href='?page_no=21949'>21949<\/a><\/li>\n\n\n\n<li><a>...<\/a><\/li>\n\n\n\n<li><a href='?page_no=36618'>36618<\/a><\/li>\n\n\n\n<li><a href='?page_no=36619'>36619<\/a><\/li>\n\n    \n\t\n\n<li >\n\t<a href='?page_no=21948'>Next<\/a>\n\t<\/li>\n\n\n    \n\n<li><a href='?page_no=36619'>Last &rsaquo;&rsaquo;<\/a><\/li>\n\n<\/ul>\n\n\n--><br \/>\n<\/body><\/p>\n","protected":false},"excerpt":{"rendered":"<p>Palma, Espa\u00f1a 28 diciembre.- El tenista mallorqu\u00edn Rafa Nadal, cuarto en la clasificaci\u00f3n de la ATP, ha renunciado a participar en el torneo de Doha y en el Abierto de Australia porque sigue aquejado del virus estomacal que le ha impedido reaparecer en el torneo de Abu Dabi, como ten\u00eda previsto tras recuperarse de su [&hellip;]<\/p>\n","protected":false},"author":3,"featured_media":0,"comment_status":"open","ping_status":"open","sticky":false,"template":"","format":"standard","meta":{"footnotes":""},"categories":[17],"tags":[],"class_list":["post-214837","post","type-post","status-publish","format-standard","hentry","category-deportes"],"_links":{"self":[{"href":"https:\/\/diariodominicano.com\/index.php?rest_route=\/wp\/v2\/posts\/214837","targetHints":{"allow":["GET"]}}],"collection":[{"href":"https:\/\/diariodominicano.com\/index.php?rest_route=\/wp\/v2\/posts"}],"about":[{"href":"https:\/\/diariodominicano.com\/index.php?rest_route=\/wp\/v2\/types\/post"}],"author":[{"embeddable":true,"href":"https:\/\/diariodominicano.com\/index.php?rest_route=\/wp\/v2\/users\/3"}],"replies":[{"embeddable":true,"href":"https:\/\/diariodominicano.com\/index.php?rest_route=%2Fwp%2Fv2%2Fcomments&post=214837"}],"version-history":[{"count":0,"href":"https:\/\/diariodominicano.com\/index.php?rest_route=\/wp\/v2\/posts\/214837\/revisions"}],"wp:attachment":[{"href":"https:\/\/diariodominicano.com\/index.php?rest_route=%2Fwp%2Fv2%2Fmedia&parent=214837"}],"wp:term":[{"taxonomy":"category","embeddable":true,"href":"https:\/\/diariodominicano.com\/index.php?rest_route=%2Fwp%2Fv2%2Fcategories&post=214837"},{"taxonomy":"post_tag","embeddable":true,"href":"https:\/\/diariodominicano.com\/index.php?rest_route=%2Fwp%2Fv2%2Ftags&post=214837"}],"curies":[{"name":"wp","href":"https:\/\/api.w.org\/{rel}","templated":true}]}}