{"id":214834,"date":"2012-12-29T14:47:52","date_gmt":"2012-12-29T14:47:52","guid":{"rendered":"http:\/\/diariodominicano.ddns.net\/?p=214834"},"modified":"2012-12-29T14:47:52","modified_gmt":"2012-12-29T14:47:52","slug":"el-excampeon-mundial-wilfredo-benitez-es-hospitalizado","status":"publish","type":"post","link":"https:\/\/diariodominicano.com\/?p=214834","title":{"rendered":"&#13;El excampe\u00f3n mundial, Wilfredo Ben\u00edtez es hospitalizado"},"content":{"rendered":"<p><body><\/p>\n<p>San Juan, Puerto Rico 29 diciembre.- El ex campe\u00f3n mundial puertorrique\u00f1o Wilfred Ben\u00edtez fue hospitalizado despu\u00e9s de que sus familiares se preocuparon de que pudiera haber sufrido un derrame cerebral.<\/p>\n<\/p>\n<p>Yvonne Ben\u00edtez dijo el viernes a The Associated Press que su hermano permanecer\u00e1 bajo observaci\u00f3n durante 72 horas. Inform\u00f3 que la familia espera los resultados de las pruebas m\u00e9dicas mientras Ben\u00edtez, de 54 a\u00f1os, se encuentra bien y lee peri\u00f3dicos y revistas.<\/p>\n<\/p>\n<p>Ben\u00edtez se convirti\u00f3 a los 17 a\u00f1os en el boxeador m\u00e1s joven en obtener un t\u00edtulo mundial, pero luego padeci\u00f3 de graves lesiones cerebrales. Previamente fue hospitalizado en octubre de 1996 tras haber sido hallado inconsciente en su casa y actualmente usa una silla de ruedas.<\/p>\n<\/p>\n<p>Su foja fue de 53-8-1, con 31 nocauts.<\/p>\n<h6> 2012-12-29 14:47:52 <\/h6>\n<p><!--\n<link rel=\"stylesheet\" href=\"css\/bootstrap.min.css\">\n\n\n<ul class=\"pagination\">\n\t    \n\t\n\n<li >\n\t<a href='?page_no=21943'>Previous<\/a>\n\t<\/li>\n\n\n       \n    \n\n<li><a href='?page_no=1'>1<\/a><\/li>\n\n\n\n<li><a href='?page_no=2'>2<\/a><\/li>\n\n\n\n<li><a>...<\/a><\/li>\n\n\n\n<li><a href='?page_no=21942'>21942<\/a><\/li>\n\n\n\n<li><a href='?page_no=21943'>21943<\/a><\/li>\n\n\n\n<li class='active'><a>21944<\/a><\/li>\n\n\n\n<li><a href='?page_no=21945'>21945<\/a><\/li>\n\n\n\n<li><a href='?page_no=21946'>21946<\/a><\/li>\n\n\n\n<li><a>...<\/a><\/li>\n\n\n\n<li><a href='?page_no=36618'>36618<\/a><\/li>\n\n\n\n<li><a href='?page_no=36619'>36619<\/a><\/li>\n\n    \n\t\n\n<li >\n\t<a href='?page_no=21945'>Next<\/a>\n\t<\/li>\n\n\n    \n\n<li><a href='?page_no=36619'>Last &rsaquo;&rsaquo;<\/a><\/li>\n\n<\/ul>\n\n\n--><br \/>\n<\/body><\/p>\n","protected":false},"excerpt":{"rendered":"<p>San Juan, Puerto Rico 29 diciembre.- El ex campe\u00f3n mundial puertorrique\u00f1o Wilfred Ben\u00edtez fue hospitalizado despu\u00e9s de que sus familiares se preocuparon de que pudiera haber sufrido un derrame cerebral. Yvonne Ben\u00edtez dijo el viernes a The Associated Press que su hermano permanecer\u00e1 bajo observaci\u00f3n durante 72 horas. Inform\u00f3 que la familia espera los resultados [&hellip;]<\/p>\n","protected":false},"author":3,"featured_media":0,"comment_status":"open","ping_status":"open","sticky":false,"template":"","format":"standard","meta":{"footnotes":""},"categories":[17],"tags":[],"class_list":["post-214834","post","type-post","status-publish","format-standard","hentry","category-deportes"],"_links":{"self":[{"href":"https:\/\/diariodominicano.com\/index.php?rest_route=\/wp\/v2\/posts\/214834","targetHints":{"allow":["GET"]}}],"collection":[{"href":"https:\/\/diariodominicano.com\/index.php?rest_route=\/wp\/v2\/posts"}],"about":[{"href":"https:\/\/diariodominicano.com\/index.php?rest_route=\/wp\/v2\/types\/post"}],"author":[{"embeddable":true,"href":"https:\/\/diariodominicano.com\/index.php?rest_route=\/wp\/v2\/users\/3"}],"replies":[{"embeddable":true,"href":"https:\/\/diariodominicano.com\/index.php?rest_route=%2Fwp%2Fv2%2Fcomments&post=214834"}],"version-history":[{"count":0,"href":"https:\/\/diariodominicano.com\/index.php?rest_route=\/wp\/v2\/posts\/214834\/revisions"}],"wp:attachment":[{"href":"https:\/\/diariodominicano.com\/index.php?rest_route=%2Fwp%2Fv2%2Fmedia&parent=214834"}],"wp:term":[{"taxonomy":"category","embeddable":true,"href":"https:\/\/diariodominicano.com\/index.php?rest_route=%2Fwp%2Fv2%2Fcategories&post=214834"},{"taxonomy":"post_tag","embeddable":true,"href":"https:\/\/diariodominicano.com\/index.php?rest_route=%2Fwp%2Fv2%2Ftags&post=214834"}],"curies":[{"name":"wp","href":"https:\/\/api.w.org\/{rel}","templated":true}]}}