{"id":214829,"date":"2012-12-29T18:27:00","date_gmt":"2012-12-29T18:27:00","guid":{"rendered":"http:\/\/diariodominicano.ddns.net\/?p=214829"},"modified":"2012-12-29T18:27:00","modified_gmt":"2012-12-29T18:27:00","slug":"asotesa-reconocen-a-los-tenistas-victor-estrella-y-peter-bertran","status":"publish","type":"post","link":"https:\/\/diariodominicano.com\/?p=214829","title":{"rendered":"ASOTESA reconocen a los tenistas V\u00edctor Estrella y Peter Bertr\u00e1n"},"content":{"rendered":"<p><body><\/p>\n<p><span class=\"text1noticias\">Rep. Dom. 29 de Diciembre.-La Asociaci\u00f3n de Tenis de Santiago (ASOTESA) que preside el licenciado Ram\u00f3n Camacho Tejada, premi\u00f3 a los atletas m\u00e1s destacados del 2012, galardonado al jugador profesional V\u00edctor Estrella y al talentoso juvenil Peter Bertr\u00e1n Ventura, ambos miembros del Centro Espa\u00f1ol y de Fedotenis.<\/span><\/p>\n<\/p>\n<p><span class=\"text1noticias\">El acto fue efectuado en las canchas de tenis del Centro Espa\u00f1ol, en el marco de la fiesta de navidad y el tradicional torneo de padres e hijos.<\/span><\/p>\n<\/p>\n<p><span class=\"text1noticias\">V\u00edctor Estrella tuvo un excelente a\u00f1o, particip\u00f3 en 19 torneos internacionales, posicionado 255, entre los 1,500 mejores jugadores del mundo, en el 2012, estuvo en el escal\u00f3n 163, en sencillos.<\/span><\/p>\n<\/p>\n<p><span class=\"text1noticias\">Estrella fue el l\u00edder de Copa Davis &#8211; BNP Paribas\/ITF., hizo historia en Santiago, fue la buj\u00eda inspiradora para la clasificaci\u00f3n del Grupo I de la zona Americana (segunda ocasi\u00f3n), teniendo la primera ronda contra Uruguay, del 1 al 3 de febrero 2013, en Carrasco Lawn Tennis Club en Montevideo.<\/span><\/p>\n<\/p>\n<p><span class=\"text1noticias\">En la gran final del grupo II de la Copa Davis en Santiago, acompa\u00f1aron a Estrella, Jos\u00e9 Hern\u00e1ndez, Roberto Cid y Henry Estrella, capitaneados por el Inmortal del Deporte, profesor Rafael Moreno.<\/span><\/p>\n<\/p>\n<p><span class=\"text1noticias\">Camacho Tejada, constituy\u00f3 un excelente comit\u00e9 organizador, conformado por Patricia Robledo de Dosal, del Centro Espa\u00f1ol, Luis Jos\u00e9 Bonilla Bojos, Rosa de Gandini y Gustavo G\u00f3mez Thormann, entre otros, admirado ese trabajo por el referee de ITF, la Federaci\u00f3n Dominicana de Tenis y Sergio Tobal, coordinado de Copa Davis en el pa\u00eds.<\/span><\/p>\n<\/p>\n<p><span class=\"text1noticias\">El veterano V\u00edctor tuvo el mejor ranking, en el pelda\u00f1o 163, particular y en dobles, ha estado 145, ubicado en este momento 226.<\/span><\/p>\n<\/p>\n<p><span class=\"text1noticias\">Su nivel profesional le ha permitido lograr RD$1,481.160.00, representado en d\u00f3lares US$37,029.00.<\/span><\/p>\n<\/p>\n<p><span class=\"text1noticias\">Sus mejores resultados, ganando el F-2 de M\u00e9xico en el inicio del 2012, semifinalista del Challenger de Salinas, Ecuador, en febrero (2012); Semifinal del Challenger de Bogot\u00e1, Colombia (9\/7\/2012).<\/span><\/p>\n<\/p>\n<p><span class=\"text1noticias\">Mostr\u00f3 su gran calidad competitiva en el F-1 de Colombia, el 13 de agosto del presente a\u00f1o, impresionante fue el triunfo frente a Horacio Zeballos de Argentina (117 ATP), 7-6(2), 7-6(5) en el Challenger de Salinas, Ecuador.<\/span><\/p>\n<\/p>\n<p><span class=\"text1noticias\">El futuro talento Peter Bertr\u00e1n, de la categor\u00eda de 18 a\u00f1os estudia en Athens,  Georgia, USA,  en la escuela North Oconee High School cursando el 11vo grado, el tercero del bachillerato, del pa\u00eds.<\/span><\/p>\n<\/p>\n<p><span class=\"text1noticias\">Entrena actualmente en la academia de Jennings Mills con el instructor Mike Beck y su asistente Antonio Ruiz, dentro de los proyectos futuros, se contempla mover su base de entrenamiento para Florida a la academia Sixto Camacho Tennis Academy en Weston Florida dirigido por el dominicano Camacho.<\/span><\/p>\n<\/p>\n<p><span class=\"text1noticias\">El a\u00f1o 2012 fue una excelente temporada para Bertr\u00e1n Ventura donde particip\u00f3 en los Inter Colegiales de Tenis y donde obtuvo un record de 20 partidos ganados y 0 perdidos.<\/span><\/p>\n<\/p>\n<p><span class=\"text1noticias\">Ranqueado n\u00famero 16 en USTA, en la zona sur de los colegiales en EE.UU, en el 2012, jug\u00f3 torneos en los escenarios de Alabama, Misissippi, Augusta y en Atlanta.<\/span><\/p>\n<\/p>\n<p><span class=\"text1noticias\">En los eventos de la Federaci\u00f3n Internacional de Tenis (ITF), estuvo en Aruba, semifinal de 18 a\u00f1os, en Rep\u00fablica Dominicana, cuatro de finales.<\/span><\/p>\n<\/p>\n<p><span class=\"text1noticias\">Peter, campe\u00f3n de sencillos en El Salvador, en el JITIC y lider\u00f3 en dobles con Manuel Castellanos.<\/span><\/p>\n<\/p>\n<p><span class=\"text1noticias\">Tambi\u00e9n tuvo una destacada participaci\u00f3n en el Orange Bowl, grado A, Junior Tennis, probando en el nivel donde juega los futuros profesionales, aprobados por ITF.<\/span><\/p>\n<\/p>\n<\/p>\n<p><span class=\"text1noticias\">Asotesa premi\u00f3 adem\u00e1s a Daniel Taveras de 18 a\u00f1os, cuarto en el ranking\/Fedotenis, con 251 puntos; distingui\u00e9ndose Daniela Rodr\u00edguez, ubicada tercera contando con 176 tantos.<\/span><\/p>\n<\/p>\n<p><span class=\"text1noticias\">Armando Gandini, comand\u00f3 en 16 a\u00f1os, acumulando 697 tantos, en \u00e9sa misma divisi\u00f3n recibi\u00f3 trofeo, octava con 191 puntos.<\/span><\/p>\n<\/p>\n<p><span class=\"text1noticias\">En 12 a\u00f1os sobresale, Alejandro Gandini, s\u00e9ptimo pelda\u00f1o, computando 185 tantos.<\/span><\/p>\n<\/p>\n<p><span class=\"text1noticias\">Excelente ha sido los competidores de 10 a\u00f1os y mini-tenis Jean Luis Calder\u00f3n y Guillermo Dur\u00e1n.(HG)<\/span>.<\/p>\n<h6> 2012-12-29 18:27:00 <\/h6>\n<p><!--\n<link rel=\"stylesheet\" href=\"css\/bootstrap.min.css\">\n\n\n<ul class=\"pagination\">\n\t    \n\t\n\n<li >\n\t<a href='?page_no=21938'>Previous<\/a>\n\t<\/li>\n\n\n       \n    \n\n<li><a href='?page_no=1'>1<\/a><\/li>\n\n\n\n<li><a href='?page_no=2'>2<\/a><\/li>\n\n\n\n<li><a>...<\/a><\/li>\n\n\n\n<li><a href='?page_no=21937'>21937<\/a><\/li>\n\n\n\n<li><a href='?page_no=21938'>21938<\/a><\/li>\n\n\n\n<li class='active'><a>21939<\/a><\/li>\n\n\n\n<li><a href='?page_no=21940'>21940<\/a><\/li>\n\n\n\n<li><a href='?page_no=21941'>21941<\/a><\/li>\n\n\n\n<li><a>...<\/a><\/li>\n\n\n\n<li><a href='?page_no=36618'>36618<\/a><\/li>\n\n\n\n<li><a href='?page_no=36619'>36619<\/a><\/li>\n\n    \n\t\n\n<li >\n\t<a href='?page_no=21940'>Next<\/a>\n\t<\/li>\n\n\n    \n\n<li><a href='?page_no=36619'>Last &rsaquo;&rsaquo;<\/a><\/li>\n\n<\/ul>\n\n\n--><br \/>\n<\/body><\/p>\n","protected":false},"excerpt":{"rendered":"<p>Rep. Dom. 29 de Diciembre.-La Asociaci\u00f3n de Tenis de Santiago (ASOTESA) que preside el licenciado Ram\u00f3n Camacho Tejada, premi\u00f3 a los atletas m\u00e1s destacados del 2012, galardonado al jugador profesional V\u00edctor Estrella y al talentoso juvenil Peter Bertr\u00e1n Ventura, ambos miembros del Centro Espa\u00f1ol y de Fedotenis. El acto fue efectuado en las canchas de [&hellip;]<\/p>\n","protected":false},"author":3,"featured_media":0,"comment_status":"open","ping_status":"open","sticky":false,"template":"","format":"standard","meta":{"footnotes":""},"categories":[17],"tags":[],"class_list":["post-214829","post","type-post","status-publish","format-standard","hentry","category-deportes"],"_links":{"self":[{"href":"https:\/\/diariodominicano.com\/index.php?rest_route=\/wp\/v2\/posts\/214829","targetHints":{"allow":["GET"]}}],"collection":[{"href":"https:\/\/diariodominicano.com\/index.php?rest_route=\/wp\/v2\/posts"}],"about":[{"href":"https:\/\/diariodominicano.com\/index.php?rest_route=\/wp\/v2\/types\/post"}],"author":[{"embeddable":true,"href":"https:\/\/diariodominicano.com\/index.php?rest_route=\/wp\/v2\/users\/3"}],"replies":[{"embeddable":true,"href":"https:\/\/diariodominicano.com\/index.php?rest_route=%2Fwp%2Fv2%2Fcomments&post=214829"}],"version-history":[{"count":0,"href":"https:\/\/diariodominicano.com\/index.php?rest_route=\/wp\/v2\/posts\/214829\/revisions"}],"wp:attachment":[{"href":"https:\/\/diariodominicano.com\/index.php?rest_route=%2Fwp%2Fv2%2Fmedia&parent=214829"}],"wp:term":[{"taxonomy":"category","embeddable":true,"href":"https:\/\/diariodominicano.com\/index.php?rest_route=%2Fwp%2Fv2%2Fcategories&post=214829"},{"taxonomy":"post_tag","embeddable":true,"href":"https:\/\/diariodominicano.com\/index.php?rest_route=%2Fwp%2Fv2%2Ftags&post=214829"}],"curies":[{"name":"wp","href":"https:\/\/api.w.org\/{rel}","templated":true}]}}