{"id":214826,"date":"2012-12-29T19:54:02","date_gmt":"2012-12-29T19:54:02","guid":{"rendered":"http:\/\/diariodominicano.ddns.net\/?p=214826"},"modified":"2012-12-29T19:54:02","modified_gmt":"2012-12-29T19:54:02","slug":"antonio-tornal-electo-atleta-del-ano-del-club-naco","status":"publish","type":"post","link":"https:\/\/diariodominicano.com\/?p=214826","title":{"rendered":"Antonio Tornal electo \u00abAtleta del A\u00f1o\u00bb del Club Naco"},"content":{"rendered":"<p><body><\/p>\n<p><span class=\"text1noticias\">Rep. Dom. 29 de Diciembre.-El judoca Antonio Tornal recibi\u00f3 la m\u00e1xima distinci\u00f3n que otorga el club Deportivo Naco \u00abAtleta a la Excelencia\u00bb, en un acto de premiaci\u00f3n celebrado en la explanada principal de esa organizaci\u00f3n en el exclusivo sector de Naco.<\/span><\/p>\n<\/p>\n<p><span class=\"text1noticias\">El peque\u00f1o judoca, de apenas 11 a\u00f1os, recibi\u00f3 la distinci\u00f3n de parte de la directiva del club Naco, que preside Antonio Alma, y su trofeo le fue entregado por el sensei Juan Chalas.<\/span><\/p>\n<\/p>\n<p><span class=\"text1noticias\">Tornal brill\u00f3 este a\u00f1o con preseas de plata en Estados Unidos y M\u00e9xico (tambi\u00e9n gan\u00f3 bronce).<\/span><\/p>\n<\/p>\n<p><span class=\"text1noticias\">Otros premiados<\/span><\/p>\n<\/p>\n<p><span class=\"text1noticias\">Otros atletas  premiados en sus  disciplinas fueron Samantha Rijo, Francisco Mu\u00f1iz y Sebasti\u00e1n Rijo, en karate.  Eduardo Guzm\u00e1n, Carlos Vargas y Samir Kury, judo. Radham\u00e9s Kalaff,  Luz Ayala, Johnny P\u00e9rez y Jean Luis G\u00f3mez, en nataci\u00f3n; y Roberto Genao \u00abEntrenador del A\u00f1o\u00bb.<\/span><\/p>\n<\/p>\n<p><span class=\"text1noticias\">En tenis de mesa, Jorge Astacio y Gabriel Arvelo; Esmil Montero y Omar D\u00edaz, en b\u00e9isbol; Juan Olivares, ajedrez; Am\u00edlcar Medina y Gilberto Palma, baloncesto; Mar\u00eda Torreira y Yeudi Alc\u00e1ntara, tenis de campo; Carlos Vargas y Samir Kury, judo; L\u00eda Llibre, Karla Balliz, Victoria del Castillo y Monsserrate Fonck, en gimnasia.<\/span><\/p>\n<\/p>\n<p><span class=\"text1noticias\">Karla Mart\u00ednez y Carmina Herm\u00f3n, en voleibol; Carlos Mont\u00e1s y Sebasti\u00e1n Hern\u00e1ndez, f\u00fatbol sala; Ivelisse Espinal y G\u00e1lvez Capr\u00edles, en Naco M\u00e1ster; y en extremo, Michel B\u00e1ez y Francisco Reyes; Audreys Lehoux, voleibol; Renzo Marcano, en billar.<\/span><\/p>\n<\/p>\n<p><span class=\"text1noticias\">Antonio Tornal<\/span><\/p>\n<\/p>\n<p><span class=\"text1noticias\">Tiene  11 a\u00f1os  y es  campe\u00f3n nacional infantil y Panamericano que ha brillado en Estados Unidos y  M\u00e9xico.(HG)<\/span>.<\/p>\n<\/p>\n<h6> 2012-12-29 19:54:02 <\/h6>\n<p><!--\n<link rel=\"stylesheet\" href=\"css\/bootstrap.min.css\">\n\n\n<ul class=\"pagination\">\n\t    \n\t\n\n<li >\n\t<a href='?page_no=21935'>Previous<\/a>\n\t<\/li>\n\n\n       \n    \n\n<li><a href='?page_no=1'>1<\/a><\/li>\n\n\n\n<li><a href='?page_no=2'>2<\/a><\/li>\n\n\n\n<li><a>...<\/a><\/li>\n\n\n\n<li><a href='?page_no=21934'>21934<\/a><\/li>\n\n\n\n<li><a href='?page_no=21935'>21935<\/a><\/li>\n\n\n\n<li class='active'><a>21936<\/a><\/li>\n\n\n\n<li><a href='?page_no=21937'>21937<\/a><\/li>\n\n\n\n<li><a href='?page_no=21938'>21938<\/a><\/li>\n\n\n\n<li><a>...<\/a><\/li>\n\n\n\n<li><a href='?page_no=36618'>36618<\/a><\/li>\n\n\n\n<li><a href='?page_no=36619'>36619<\/a><\/li>\n\n    \n\t\n\n<li >\n\t<a href='?page_no=21937'>Next<\/a>\n\t<\/li>\n\n\n    \n\n<li><a href='?page_no=36619'>Last &rsaquo;&rsaquo;<\/a><\/li>\n\n<\/ul>\n\n\n--><br \/>\n<\/body><\/p>\n","protected":false},"excerpt":{"rendered":"<p>Rep. Dom. 29 de Diciembre.-El judoca Antonio Tornal recibi\u00f3 la m\u00e1xima distinci\u00f3n que otorga el club Deportivo Naco \u00abAtleta a la Excelencia\u00bb, en un acto de premiaci\u00f3n celebrado en la explanada principal de esa organizaci\u00f3n en el exclusivo sector de Naco. El peque\u00f1o judoca, de apenas 11 a\u00f1os, recibi\u00f3 la distinci\u00f3n de parte de la [&hellip;]<\/p>\n","protected":false},"author":3,"featured_media":0,"comment_status":"open","ping_status":"open","sticky":false,"template":"","format":"standard","meta":{"footnotes":""},"categories":[17],"tags":[],"class_list":["post-214826","post","type-post","status-publish","format-standard","hentry","category-deportes"],"_links":{"self":[{"href":"https:\/\/diariodominicano.com\/index.php?rest_route=\/wp\/v2\/posts\/214826","targetHints":{"allow":["GET"]}}],"collection":[{"href":"https:\/\/diariodominicano.com\/index.php?rest_route=\/wp\/v2\/posts"}],"about":[{"href":"https:\/\/diariodominicano.com\/index.php?rest_route=\/wp\/v2\/types\/post"}],"author":[{"embeddable":true,"href":"https:\/\/diariodominicano.com\/index.php?rest_route=\/wp\/v2\/users\/3"}],"replies":[{"embeddable":true,"href":"https:\/\/diariodominicano.com\/index.php?rest_route=%2Fwp%2Fv2%2Fcomments&post=214826"}],"version-history":[{"count":0,"href":"https:\/\/diariodominicano.com\/index.php?rest_route=\/wp\/v2\/posts\/214826\/revisions"}],"wp:attachment":[{"href":"https:\/\/diariodominicano.com\/index.php?rest_route=%2Fwp%2Fv2%2Fmedia&parent=214826"}],"wp:term":[{"taxonomy":"category","embeddable":true,"href":"https:\/\/diariodominicano.com\/index.php?rest_route=%2Fwp%2Fv2%2Fcategories&post=214826"},{"taxonomy":"post_tag","embeddable":true,"href":"https:\/\/diariodominicano.com\/index.php?rest_route=%2Fwp%2Fv2%2Ftags&post=214826"}],"curies":[{"name":"wp","href":"https:\/\/api.w.org\/{rel}","templated":true}]}}