{"id":214819,"date":"2012-12-30T15:23:40","date_gmt":"2012-12-30T15:23:40","guid":{"rendered":"http:\/\/diariodominicano.ddns.net\/?p=214819"},"modified":"2012-12-30T15:23:40","modified_gmt":"2012-12-30T15:23:40","slug":"fallece-chava-reyes-leyenda-del-futbol-mexicano","status":"publish","type":"post","link":"https:\/\/diariodominicano.com\/?p=214819","title":{"rendered":"Fallece Chava Reyes, leyenda del f\u00fatbol mexicano"},"content":{"rendered":"<p><body><\/p>\n<p><span class=\"text1noticias\">     <\/span><\/p>\n<\/p>\n<p><span class=\"text1noticias\">Escrito por Jacinto Granda de Laserna     <\/span><\/p>\n<\/p>\n<p><span class=\"text1noticias\"> <\/span><\/p>\n<p><span class=\"text1noticias\"><strong>30 de diciembre de 2012, 09:00M\u00e9xico, 30 dic (PL<\/strong>) El mundo deportivo mexicano est\u00e1 hoy de luto por el fallecimiento a los 76 a\u00f1os de edad de Salvador Chava Reyes, exestrella de las Chivas Rayadas del Guadalajara y de la selecci\u00f3n nacional.<\/span><\/p>\n<\/p>\n<p><span class=\"text1noticias\">Reyes integr\u00f3 ese conjunto guadalajarense campe\u00f3n nacional en las temporadas 1956-57, 1958-59, 1959-60, 1960-61, 1961-62, 1963-64 y 1964-65.<\/span><\/p>\n<\/p>\n<p><span class=\"text1noticias\">Es el m\u00e1ximo anotador del equipo, con un total de 122 goles.<\/span><\/p>\n<\/p>\n<p><span class=\"text1noticias\">Tambi\u00e9n particip\u00f3 en tres Mundiales con la selecci\u00f3n mexicana de f\u00fatbol.<\/span><\/p>\n<\/p>\n<p><span class=\"text1noticias\">Chivas public\u00f3 en la red social: \u00abEl Club Deportivo Guadalajara lamenta la p\u00e9rdida de uno de sus m\u00e1s grandes \u00eddolos. Descanse en paz el gran Salvador &#8216;Chava&#8217; Reyes\u00bb.<\/span><\/p>\n<\/p>\n<p><span class=\"text1noticias\">Adem\u00e1s de sus 15 temporadas con el Guadalajara (1953-67), jug\u00f3 en los conjuntos Santos Laguna (1968-69), San Luis (1969-72) y en Estados Unidos con los Toros de Los \u00c1ngeles (1967-68).<\/span><\/p>\n<\/p>\n<\/p>\n<p><span class=\"text1noticias\">El afamado futbolista padec\u00eda desde hace varios meses de c\u00e1ncer de colon, afecci\u00f3n por la que se encontraba hospitalizado desde principios de noviembre.<\/span><\/p>\n<\/p>\n<\/p>\n<\/p>\n<\/p>\n<h6> 2012-12-30 15:23:40 <\/h6>\n<p><!--\n<link rel=\"stylesheet\" href=\"css\/bootstrap.min.css\">\n\n\n<ul class=\"pagination\">\n\t    \n\t\n\n<li >\n\t<a href='?page_no=21928'>Previous<\/a>\n\t<\/li>\n\n\n       \n    \n\n<li><a href='?page_no=1'>1<\/a><\/li>\n\n\n\n<li><a href='?page_no=2'>2<\/a><\/li>\n\n\n\n<li><a>...<\/a><\/li>\n\n\n\n<li><a href='?page_no=21927'>21927<\/a><\/li>\n\n\n\n<li><a href='?page_no=21928'>21928<\/a><\/li>\n\n\n\n<li class='active'><a>21929<\/a><\/li>\n\n\n\n<li><a href='?page_no=21930'>21930<\/a><\/li>\n\n\n\n<li><a href='?page_no=21931'>21931<\/a><\/li>\n\n\n\n<li><a>...<\/a><\/li>\n\n\n\n<li><a href='?page_no=36618'>36618<\/a><\/li>\n\n\n\n<li><a href='?page_no=36619'>36619<\/a><\/li>\n\n    \n\t\n\n<li >\n\t<a href='?page_no=21930'>Next<\/a>\n\t<\/li>\n\n\n    \n\n<li><a href='?page_no=36619'>Last &rsaquo;&rsaquo;<\/a><\/li>\n\n<\/ul>\n\n\n--><br \/>\n<\/body><\/p>\n","protected":false},"excerpt":{"rendered":"<p>Escrito por Jacinto Granda de Laserna 30 de diciembre de 2012, 09:00M\u00e9xico, 30 dic (PL) El mundo deportivo mexicano est\u00e1 hoy de luto por el fallecimiento a los 76 a\u00f1os de edad de Salvador Chava Reyes, exestrella de las Chivas Rayadas del Guadalajara y de la selecci\u00f3n nacional. Reyes integr\u00f3 ese conjunto guadalajarense campe\u00f3n nacional [&hellip;]<\/p>\n","protected":false},"author":3,"featured_media":0,"comment_status":"open","ping_status":"open","sticky":false,"template":"","format":"standard","meta":{"footnotes":""},"categories":[17],"tags":[],"class_list":["post-214819","post","type-post","status-publish","format-standard","hentry","category-deportes"],"_links":{"self":[{"href":"https:\/\/diariodominicano.com\/index.php?rest_route=\/wp\/v2\/posts\/214819","targetHints":{"allow":["GET"]}}],"collection":[{"href":"https:\/\/diariodominicano.com\/index.php?rest_route=\/wp\/v2\/posts"}],"about":[{"href":"https:\/\/diariodominicano.com\/index.php?rest_route=\/wp\/v2\/types\/post"}],"author":[{"embeddable":true,"href":"https:\/\/diariodominicano.com\/index.php?rest_route=\/wp\/v2\/users\/3"}],"replies":[{"embeddable":true,"href":"https:\/\/diariodominicano.com\/index.php?rest_route=%2Fwp%2Fv2%2Fcomments&post=214819"}],"version-history":[{"count":0,"href":"https:\/\/diariodominicano.com\/index.php?rest_route=\/wp\/v2\/posts\/214819\/revisions"}],"wp:attachment":[{"href":"https:\/\/diariodominicano.com\/index.php?rest_route=%2Fwp%2Fv2%2Fmedia&parent=214819"}],"wp:term":[{"taxonomy":"category","embeddable":true,"href":"https:\/\/diariodominicano.com\/index.php?rest_route=%2Fwp%2Fv2%2Fcategories&post=214819"},{"taxonomy":"post_tag","embeddable":true,"href":"https:\/\/diariodominicano.com\/index.php?rest_route=%2Fwp%2Fv2%2Ftags&post=214819"}],"curies":[{"name":"wp","href":"https:\/\/api.w.org\/{rel}","templated":true}]}}