{"id":214801,"date":"2013-01-02T19:17:13","date_gmt":"2013-01-02T19:17:13","guid":{"rendered":"http:\/\/diariodominicano.ddns.net\/?p=214801"},"modified":"2013-01-02T19:17:13","modified_gmt":"2013-01-02T19:17:13","slug":"paola-damian-electa-atleta-del-ano-del-club-los-prados","status":"publish","type":"post","link":"https:\/\/diariodominicano.com\/?p=214801","title":{"rendered":"Paola Dami\u00e1n electa \u00abAtleta del A\u00f1o\u00bb del club Los Prados"},"content":{"rendered":"<p><body><\/p>\n<p><span class=\"text1noticias\">Rep. Dom. 2 de Enero.-La juvenil Paola Dami\u00e1n fue electa \u00abAtleta del A\u00f1o\u00bb, de la disciplina del voleibol, en la premiaci\u00f3n del club Los Prados, en un acto celebrado en el sal\u00f3n principal de esa entidad en el sector de Los Prados.<\/span><\/p>\n<\/p>\n<p><span class=\"text1noticias\">Adem\u00e1s, en la actividad se seleccionaron a las mejores jugadoras del sexteto \u00abTodos Estrellas\u00bb.<\/span><\/p>\n<p><span class=\"text1noticias\">El acto de premiaci\u00f3n fue encabezado por el ingeniero Johnny Marte, presidente del club Los Prados y por Alberto Bernab\u00e9 (Bebeto), director y entrenador de la Escuela de Voleibol de esa organizaci\u00f3n deportiva, social y recreativa.<\/span><\/p>\n<\/p>\n<p><span class=\"text1noticias\">A Marte y Bernab\u00e9 le acompa\u00f1aron los licenciados Jos\u00e9 Peralta y Ram\u00f3n Bueno.<\/span><\/p>\n<\/p>\n<p><span class=\"text1noticias\">Paola Dami\u00e1n, de 14 a\u00f1os, tuvo la mejor actuaci\u00f3n en todo el a\u00f1o que cualquier atleta de Los Prados y por sus m\u00e9ritos recibi\u00f3 la distinci\u00f3n y selecci\u00f3n de sus entrenadores y de la Junta Directiva del club Los Prados, que preside Johnny Marte.<\/span><\/p>\n<\/p>\n<p><span class=\"text1noticias\">El sexteto \u00abTodos Estrellas\u00bb fue integrado por Amanecer Moreno, de 18 a\u00f1os, como la mejor en la categor\u00eda juvenil; Lizbeth Melo, de 15 a\u00f1os, la mejor atacante; y Leticia Lebr\u00f3n, 13 a\u00f1os, fue la m\u00e1s sobresaliente en los bloqueos.<\/span><\/p>\n<\/p>\n<p><span class=\"text1noticias\">As\u00ed como, Esmeralda Alfonso, de 13 a\u00f1os, fue la mejor defensa; y Karen Moquete, de 12 a\u00f1os, fue la atleta m\u00e1s destacada en la categor\u00eda minivoli.(HG)<\/span>.<\/p>\n<\/p>\n<h6> 2013-01-02 19:17:13 <\/h6>\n<p><!--\n<link rel=\"stylesheet\" href=\"css\/bootstrap.min.css\">\n\n\n<ul class=\"pagination\">\n\t    \n\t\n\n<li >\n\t<a href='?page_no=21910'>Previous<\/a>\n\t<\/li>\n\n\n       \n    \n\n<li><a href='?page_no=1'>1<\/a><\/li>\n\n\n\n<li><a href='?page_no=2'>2<\/a><\/li>\n\n\n\n<li><a>...<\/a><\/li>\n\n\n\n<li><a href='?page_no=21909'>21909<\/a><\/li>\n\n\n\n<li><a href='?page_no=21910'>21910<\/a><\/li>\n\n\n\n<li class='active'><a>21911<\/a><\/li>\n\n\n\n<li><a href='?page_no=21912'>21912<\/a><\/li>\n\n\n\n<li><a href='?page_no=21913'>21913<\/a><\/li>\n\n\n\n<li><a>...<\/a><\/li>\n\n\n\n<li><a href='?page_no=36618'>36618<\/a><\/li>\n\n\n\n<li><a href='?page_no=36619'>36619<\/a><\/li>\n\n    \n\t\n\n<li >\n\t<a href='?page_no=21912'>Next<\/a>\n\t<\/li>\n\n\n    \n\n<li><a href='?page_no=36619'>Last &rsaquo;&rsaquo;<\/a><\/li>\n\n<\/ul>\n\n\n--><br \/>\n<\/body><\/p>\n","protected":false},"excerpt":{"rendered":"<p>Rep. Dom. 2 de Enero.-La juvenil Paola Dami\u00e1n fue electa \u00abAtleta del A\u00f1o\u00bb, de la disciplina del voleibol, en la premiaci\u00f3n del club Los Prados, en un acto celebrado en el sal\u00f3n principal de esa entidad en el sector de Los Prados. Adem\u00e1s, en la actividad se seleccionaron a las mejores jugadoras del sexteto \u00abTodos [&hellip;]<\/p>\n","protected":false},"author":3,"featured_media":0,"comment_status":"open","ping_status":"open","sticky":false,"template":"","format":"standard","meta":{"footnotes":""},"categories":[17],"tags":[],"class_list":["post-214801","post","type-post","status-publish","format-standard","hentry","category-deportes"],"_links":{"self":[{"href":"https:\/\/diariodominicano.com\/index.php?rest_route=\/wp\/v2\/posts\/214801","targetHints":{"allow":["GET"]}}],"collection":[{"href":"https:\/\/diariodominicano.com\/index.php?rest_route=\/wp\/v2\/posts"}],"about":[{"href":"https:\/\/diariodominicano.com\/index.php?rest_route=\/wp\/v2\/types\/post"}],"author":[{"embeddable":true,"href":"https:\/\/diariodominicano.com\/index.php?rest_route=\/wp\/v2\/users\/3"}],"replies":[{"embeddable":true,"href":"https:\/\/diariodominicano.com\/index.php?rest_route=%2Fwp%2Fv2%2Fcomments&post=214801"}],"version-history":[{"count":0,"href":"https:\/\/diariodominicano.com\/index.php?rest_route=\/wp\/v2\/posts\/214801\/revisions"}],"wp:attachment":[{"href":"https:\/\/diariodominicano.com\/index.php?rest_route=%2Fwp%2Fv2%2Fmedia&parent=214801"}],"wp:term":[{"taxonomy":"category","embeddable":true,"href":"https:\/\/diariodominicano.com\/index.php?rest_route=%2Fwp%2Fv2%2Fcategories&post=214801"},{"taxonomy":"post_tag","embeddable":true,"href":"https:\/\/diariodominicano.com\/index.php?rest_route=%2Fwp%2Fv2%2Ftags&post=214801"}],"curies":[{"name":"wp","href":"https:\/\/api.w.org\/{rel}","templated":true}]}}