{"id":214794,"date":"2013-01-03T19:16:29","date_gmt":"2013-01-03T19:16:29","guid":{"rendered":"http:\/\/diariodominicano.ddns.net\/?p=214794"},"modified":"2013-01-03T19:16:29","modified_gmt":"2013-01-03T19:16:29","slug":"cod-anuncia-encuentro-nacional-de-dirigentes","status":"publish","type":"post","link":"https:\/\/diariodominicano.com\/?p=214794","title":{"rendered":"COD anuncia encuentro nacional de dirigentes"},"content":{"rendered":"<p><body><\/p>\n<p><span class=\"text1noticias\">Rep. Dom. 3 de Enero.-El comit\u00e9 ejecutivo del Comit\u00e9 Ol\u00edmpico Dominicano (COD) y las Federaciones Deportivas Nacionales analizaron los planes y proyectos de cara al presente Ciclo Ol\u00edmpico.<\/span><\/p>\n<\/p>\n<p><span class=\"text1noticias\">Durante el encuentro celebrado en el sal\u00f3n Wiche Garc\u00eda Saleta  del COD se inform\u00f3 a los representantes de las federaciones del proyecto de presupuesto 2013.<\/span><\/p>\n<\/p>\n<p><span class=\"text1noticias\">La reuni\u00f3n definida por el licenciado Luis Mej\u00eda, presidente del COD, como un conversatorio con los dirigentes de las federaciones, se convino celebrar el Encuentro Nacional de Dirigentes, cuya fecha ser\u00e1 fijada en la reuni\u00f3n del Comit\u00e9 Ejecutivo del COD del pr\u00f3ximo martes. En ese encuentro participar\u00e1n dirigentes de todo el pa\u00eds para hablarles de los planes y proyectos.<\/span><\/p>\n<\/p>\n<p><span class=\"text1noticias\">El encuentro estuvo coordinado por Mej\u00eda, y en el mismo los presidentes de las federaciones dieron a conocer sus inquietudes sobre los programas de actividades que llevar\u00e1n a cabo tanto en el \u00e1mbito nacional como internacional. Tambi\u00e9n opinaron sobre los planes y proyectos del COD.<\/span><\/p>\n<\/p>\n<p><span class=\"text1noticias\">\u00abEn este encuentro hemos establecido un intercambio de opiniones e ideas para tomar como punto de referencia c\u00f3mo se iniciar\u00e1 este a\u00f1o\u00bb, indic\u00f3 Mej\u00eda.<\/span><\/p>\n<\/p>\n<p><span class=\"text1noticias\">El presidente del COD tuvo palabras de motivaci\u00f3n en el inicio de la actividad y entre los puntos que abord\u00f3, se\u00f1al\u00f3 que el organismo que dirige busca los fondos para el alto rendimiento.<\/span><\/p>\n<\/p>\n<p><span class=\"text1noticias\">Tambi\u00e9n sac\u00f3 a colaci\u00f3n el programa de actividades de las federaciones deportivas, as\u00ed como el compromiso del pa\u00eds en los Juegos Bolivarianos que se llevar\u00e1n a cabo en Per\u00fa en noviembre de este a\u00f1o. \u00abNo hemos hablado de los fondos para los Juegos Bolivarianos, que ha sido una de nuestras mayores conquistas\u00bb, resalt\u00f3 Mej\u00eda.<\/span><\/p>\n<\/p>\n<p><span class=\"text1noticias\">Mientras, Antonio Acosta, secretario general del COD, coloc\u00f3 en agenda el tema de los Juegos Nacional, y dio a conocer su inter\u00e9s en que la cita deportiva sea tomada como parte del ciclo ol\u00edmpico.<\/span><\/p>\n<\/p>\n<p><span class=\"text1noticias\">\u00abHemos apoyado las iniciativas del ministro de Deportes, pero siempre manteniendo nuestra l\u00ednea del alto rendimiento\u00bb, sostuvo Acosta, quien adelant\u00f3 que tiene la creencia de que habr\u00e1 una mejor\u00eda en las asignaciones.<\/span><\/p>\n<p><span class=\"text1noticias\">Este encuentro se llevar\u00e1 a cabo cada dos meses, a los fines de tener un conversatorio sin la rigurosidad de una asamblea con los dirigentes de las federaciones.(HG)<\/span>.<\/p>\n<\/p>\n<h6> 2013-01-03 19:16:29 <\/h6>\n<p><!--\n<link rel=\"stylesheet\" href=\"css\/bootstrap.min.css\">\n\n\n<ul class=\"pagination\">\n\t    \n\t\n\n<li >\n\t<a href='?page_no=21903'>Previous<\/a>\n\t<\/li>\n\n\n       \n    \n\n<li><a href='?page_no=1'>1<\/a><\/li>\n\n\n\n<li><a href='?page_no=2'>2<\/a><\/li>\n\n\n\n<li><a>...<\/a><\/li>\n\n\n\n<li><a href='?page_no=21902'>21902<\/a><\/li>\n\n\n\n<li><a href='?page_no=21903'>21903<\/a><\/li>\n\n\n\n<li class='active'><a>21904<\/a><\/li>\n\n\n\n<li><a href='?page_no=21905'>21905<\/a><\/li>\n\n\n\n<li><a href='?page_no=21906'>21906<\/a><\/li>\n\n\n\n<li><a>...<\/a><\/li>\n\n\n\n<li><a href='?page_no=36618'>36618<\/a><\/li>\n\n\n\n<li><a href='?page_no=36619'>36619<\/a><\/li>\n\n    \n\t\n\n<li >\n\t<a href='?page_no=21905'>Next<\/a>\n\t<\/li>\n\n\n    \n\n<li><a href='?page_no=36619'>Last &rsaquo;&rsaquo;<\/a><\/li>\n\n<\/ul>\n\n\n--><br \/>\n<\/body><\/p>\n","protected":false},"excerpt":{"rendered":"<p>Rep. Dom. 3 de Enero.-El comit\u00e9 ejecutivo del Comit\u00e9 Ol\u00edmpico Dominicano (COD) y las Federaciones Deportivas Nacionales analizaron los planes y proyectos de cara al presente Ciclo Ol\u00edmpico. Durante el encuentro celebrado en el sal\u00f3n Wiche Garc\u00eda Saleta del COD se inform\u00f3 a los representantes de las federaciones del proyecto de presupuesto 2013. La reuni\u00f3n [&hellip;]<\/p>\n","protected":false},"author":3,"featured_media":0,"comment_status":"open","ping_status":"open","sticky":false,"template":"","format":"standard","meta":{"footnotes":""},"categories":[17],"tags":[],"class_list":["post-214794","post","type-post","status-publish","format-standard","hentry","category-deportes"],"_links":{"self":[{"href":"https:\/\/diariodominicano.com\/index.php?rest_route=\/wp\/v2\/posts\/214794","targetHints":{"allow":["GET"]}}],"collection":[{"href":"https:\/\/diariodominicano.com\/index.php?rest_route=\/wp\/v2\/posts"}],"about":[{"href":"https:\/\/diariodominicano.com\/index.php?rest_route=\/wp\/v2\/types\/post"}],"author":[{"embeddable":true,"href":"https:\/\/diariodominicano.com\/index.php?rest_route=\/wp\/v2\/users\/3"}],"replies":[{"embeddable":true,"href":"https:\/\/diariodominicano.com\/index.php?rest_route=%2Fwp%2Fv2%2Fcomments&post=214794"}],"version-history":[{"count":0,"href":"https:\/\/diariodominicano.com\/index.php?rest_route=\/wp\/v2\/posts\/214794\/revisions"}],"wp:attachment":[{"href":"https:\/\/diariodominicano.com\/index.php?rest_route=%2Fwp%2Fv2%2Fmedia&parent=214794"}],"wp:term":[{"taxonomy":"category","embeddable":true,"href":"https:\/\/diariodominicano.com\/index.php?rest_route=%2Fwp%2Fv2%2Fcategories&post=214794"},{"taxonomy":"post_tag","embeddable":true,"href":"https:\/\/diariodominicano.com\/index.php?rest_route=%2Fwp%2Fv2%2Ftags&post=214794"}],"curies":[{"name":"wp","href":"https:\/\/api.w.org\/{rel}","templated":true}]}}