{"id":214793,"date":"2013-01-03T20:20:45","date_gmt":"2013-01-03T20:20:45","guid":{"rendered":"http:\/\/diariodominicano.ddns.net\/?p=214793"},"modified":"2013-01-03T20:20:45","modified_gmt":"2013-01-03T20:20:45","slug":"liga-deportiva-los-ramirez-agradece-apoyo-que-recibe-de-empresario","status":"publish","type":"post","link":"https:\/\/diariodominicano.com\/?p=214793","title":{"rendered":"&#13;&#13;           Liga Deportiva Los Ram\u00edrez agradece apoyo que recibe de empresario"},"content":{"rendered":"<p><body><\/p>\n<p><span class=\"text1noticias\">Rep. Dom. 3 de Enero.-La Liga Deportiva Los Ram\u00edrez destac\u00f3 el apoyo que cada a\u00f1o recibe del Grupo Peralta, empresa que asiste a ese club  de ni\u00f1os y jovencitos beisbolistas para el montaje de sus torneos y participaci\u00f3n en diferentes competencias en el exterior, sobre todo en Estados Unidos y Puerto Rico.<\/span><\/p>\n<\/p>\n<p><span class=\"text1noticias\">Una muestra de ese agradecimiento, la Liga entreg\u00f3 una placa de reconocimiento al presidente de la citada empresa, Eulalio Peralta Fern\u00e1ndez, quien ratific\u00f3 su compromiso de seguir haciendo los aportes para que \u00abestos jovencitos cultiven la habilidad de jugar pelota, pero deben darnos la garant\u00eda de que no parar\u00e1n de estudiar\u00bb.<\/span><\/p>\n<\/p>\n<p><span class=\"text1noticias\">El presidente de la entidad deportiva, Junior Garc\u00eda, dijo que \u00abgracias a la desinteresada colaboraci\u00f3n del se\u00f1or Peralta Fern\u00e1ndez pudimos salir airosos en el Campeonato de la Junior Liga en San Juan de Puerto Rico, de manera que el apoyo que recibimos fue determinante en el a\u00f1o que acaba de concluir\u00bb.<\/span><\/p>\n<\/p>\n<p><span class=\"text1noticias\">Los ni\u00f1os, j\u00f3venes y adolecentes que integran la Liga Los Ram\u00edrez proceden de los sectores Arroyo Hondo, Cuesta Hermosa, Cuesta Brava, Perentuen, Arroyo Hondo Tercero, entre otros barrios colindantes. \u00abEsperamos que ustedes sigan luchando como lo han venido haciendo en estos \u00faltimos tiempos\u00bb, dijo Peralta a los deportistas.<\/span><\/p>\n<\/p>\n<p><span class=\"text1noticias\">El empresario y fil\u00e1ntropo confi\u00f3, igualmente, en que las autoridades ofrecer\u00e1n un mayor apoyo a instituciones como la mencionada Liga para que los jovencitos que la integran no se vean compelidos a abandonar la escuela y la disciplina deportiva que practican, tarea para la cual debemos todos crear conciencia para el bienestar colectivo.(HG)<\/span>.<\/p>\n<h6> 2013-01-03 20:20:45 <\/h6>\n<p><!--\n<link rel=\"stylesheet\" href=\"css\/bootstrap.min.css\">\n\n\n<ul class=\"pagination\">\n\t    \n\t\n\n<li >\n\t<a href='?page_no=21902'>Previous<\/a>\n\t<\/li>\n\n\n       \n    \n\n<li><a href='?page_no=1'>1<\/a><\/li>\n\n\n\n<li><a href='?page_no=2'>2<\/a><\/li>\n\n\n\n<li><a>...<\/a><\/li>\n\n\n\n<li><a href='?page_no=21901'>21901<\/a><\/li>\n\n\n\n<li><a href='?page_no=21902'>21902<\/a><\/li>\n\n\n\n<li class='active'><a>21903<\/a><\/li>\n\n\n\n<li><a href='?page_no=21904'>21904<\/a><\/li>\n\n\n\n<li><a href='?page_no=21905'>21905<\/a><\/li>\n\n\n\n<li><a>...<\/a><\/li>\n\n\n\n<li><a href='?page_no=36618'>36618<\/a><\/li>\n\n\n\n<li><a href='?page_no=36619'>36619<\/a><\/li>\n\n    \n\t\n\n<li >\n\t<a href='?page_no=21904'>Next<\/a>\n\t<\/li>\n\n\n    \n\n<li><a href='?page_no=36619'>Last &rsaquo;&rsaquo;<\/a><\/li>\n\n<\/ul>\n\n\n--><br \/>\n<\/body><\/p>\n","protected":false},"excerpt":{"rendered":"<p>Rep. Dom. 3 de Enero.-La Liga Deportiva Los Ram\u00edrez destac\u00f3 el apoyo que cada a\u00f1o recibe del Grupo Peralta, empresa que asiste a ese club de ni\u00f1os y jovencitos beisbolistas para el montaje de sus torneos y participaci\u00f3n en diferentes competencias en el exterior, sobre todo en Estados Unidos y Puerto Rico. Una muestra de [&hellip;]<\/p>\n","protected":false},"author":3,"featured_media":0,"comment_status":"open","ping_status":"open","sticky":false,"template":"","format":"standard","meta":{"footnotes":""},"categories":[17],"tags":[],"class_list":["post-214793","post","type-post","status-publish","format-standard","hentry","category-deportes"],"_links":{"self":[{"href":"https:\/\/diariodominicano.com\/index.php?rest_route=\/wp\/v2\/posts\/214793","targetHints":{"allow":["GET"]}}],"collection":[{"href":"https:\/\/diariodominicano.com\/index.php?rest_route=\/wp\/v2\/posts"}],"about":[{"href":"https:\/\/diariodominicano.com\/index.php?rest_route=\/wp\/v2\/types\/post"}],"author":[{"embeddable":true,"href":"https:\/\/diariodominicano.com\/index.php?rest_route=\/wp\/v2\/users\/3"}],"replies":[{"embeddable":true,"href":"https:\/\/diariodominicano.com\/index.php?rest_route=%2Fwp%2Fv2%2Fcomments&post=214793"}],"version-history":[{"count":0,"href":"https:\/\/diariodominicano.com\/index.php?rest_route=\/wp\/v2\/posts\/214793\/revisions"}],"wp:attachment":[{"href":"https:\/\/diariodominicano.com\/index.php?rest_route=%2Fwp%2Fv2%2Fmedia&parent=214793"}],"wp:term":[{"taxonomy":"category","embeddable":true,"href":"https:\/\/diariodominicano.com\/index.php?rest_route=%2Fwp%2Fv2%2Fcategories&post=214793"},{"taxonomy":"post_tag","embeddable":true,"href":"https:\/\/diariodominicano.com\/index.php?rest_route=%2Fwp%2Fv2%2Ftags&post=214793"}],"curies":[{"name":"wp","href":"https:\/\/api.w.org\/{rel}","templated":true}]}}