{"id":214792,"date":"2013-01-03T20:50:32","date_gmt":"2013-01-03T20:50:32","guid":{"rendered":"http:\/\/diariodominicano.ddns.net\/?p=214792"},"modified":"2013-01-03T20:50:32","modified_gmt":"2013-01-03T20:50:32","slug":"dirigente-deportivo-apoya-construccion-de-techado-en-cancha-marino-generoso-matos","status":"publish","type":"post","link":"https:\/\/diariodominicano.com\/?p=214792","title":{"rendered":"Dirigente deportivo  apoya construcci\u00f3n de techado en cancha Marino Generoso Matos"},"content":{"rendered":"<p><body><\/p>\n<p><span class=\"text1noticias\">TEUDDY A. SANCHEZ<\/span><\/p>\n<\/p>\n<p><span class=\"text1noticias\">Rep. Dom. 3 de Enero.-Un ex vicepresidente de la Uni\u00f3n Deportiva de Barahona (Udeba), respald\u00f3 el pedido de varias entidades deportivas de esta ciudad, al Gobierno para que construya un multiuso en los terrenos donde est\u00e1 la cancha Marino G. Matos.<\/span><\/p>\n<p><span class=\"text1noticias\"> <\/span><\/p>\n<p><span class=\"text1noticias\">        El abogado Edgar F\u00e9liz M\u00e9ndez dijo que es una buena iniciativa las que est\u00e1n realizando varias asociaciones deportivas, a la cabeza la de baloncesto  para que en dichos predios se levante un techado.<\/span><\/p>\n<p><span class=\"text1noticias\"> <\/span><\/p>\n<p><span class=\"text1noticias\">        Indic\u00f3 que el techado no solo ser\u00eda para realizar eventos deportivos, sino para actividades religiosas, pol\u00edticas, art\u00edsticas y sociales, ya que el Palacio de los Deportes esta en Villa Central, es decir un poco lejos.<\/span><\/p>\n<p><span class=\"text1noticias\"> <\/span><\/p>\n<p><span class=\"text1noticias\">        \u00abEsta obra podr\u00eda ser construida a trav\u00e9s de los Ministerio de Deportes o de Obras Publicas, cualquiera de los dos, pero lo importante es que se haga el multiuso que tiene que ser solicitado por todos los sectores\u00bb, apunt\u00f3.<\/span><\/p>\n<p><span class=\"text1noticias\"> <\/span><\/p>\n<p><span class=\"text1noticias\">        El doctor F\u00e9liz M\u00e9ndez manifest\u00f3 que a esta ciudad, le hace falta un centro de convenciones, que se podr\u00eda levantar en ese lugar por lo que expres\u00f3 que la propuesta es genial.<\/span><\/p>\n<p><span class=\"text1noticias\"> <\/span><\/p>\n<p><span class=\"text1noticias\">        El ex vicepresidente de Udeba dijo que un multiuso en ese lugar contribuir\u00eda al incentivo para que la juventud se concentre mas en las actividades deportivas, ya que van a encontrar las facilidades que no tienen otros lugares, ya que el Palacio de los Deportes es muy lejos.<\/span><\/p>\n<p><span class=\"text1noticias\"> <\/span><\/p>\n<p><span class=\"text1noticias\">        \u00abSi se construye un techado all\u00ed, ese lugar es un punto c\u00e9ntrico de Barahona, de f\u00e1cil llegar, de f\u00e1cil acceso, por lo que nosotros estamos de acuerdo con dicho  proyecto\u00bb, puntualiz\u00f3.(HG)<\/span>.<\/p>\n<\/p>\n<h6> 2013-01-03 20:50:32 <\/h6>\n<p><!--\n<link rel=\"stylesheet\" href=\"css\/bootstrap.min.css\">\n\n\n<ul class=\"pagination\">\n\t    \n\t\n\n<li >\n\t<a href='?page_no=21901'>Previous<\/a>\n\t<\/li>\n\n\n       \n    \n\n<li><a href='?page_no=1'>1<\/a><\/li>\n\n\n\n<li><a href='?page_no=2'>2<\/a><\/li>\n\n\n\n<li><a>...<\/a><\/li>\n\n\n\n<li><a href='?page_no=21900'>21900<\/a><\/li>\n\n\n\n<li><a href='?page_no=21901'>21901<\/a><\/li>\n\n\n\n<li class='active'><a>21902<\/a><\/li>\n\n\n\n<li><a href='?page_no=21903'>21903<\/a><\/li>\n\n\n\n<li><a href='?page_no=21904'>21904<\/a><\/li>\n\n\n\n<li><a>...<\/a><\/li>\n\n\n\n<li><a href='?page_no=36618'>36618<\/a><\/li>\n\n\n\n<li><a href='?page_no=36619'>36619<\/a><\/li>\n\n    \n\t\n\n<li >\n\t<a href='?page_no=21903'>Next<\/a>\n\t<\/li>\n\n\n    \n\n<li><a href='?page_no=36619'>Last &rsaquo;&rsaquo;<\/a><\/li>\n\n<\/ul>\n\n\n--><br \/>\n<\/body><\/p>\n","protected":false},"excerpt":{"rendered":"<p>TEUDDY A. SANCHEZ Rep. Dom. 3 de Enero.-Un ex vicepresidente de la Uni\u00f3n Deportiva de Barahona (Udeba), respald\u00f3 el pedido de varias entidades deportivas de esta ciudad, al Gobierno para que construya un multiuso en los terrenos donde est\u00e1 la cancha Marino G. Matos. El abogado Edgar F\u00e9liz M\u00e9ndez dijo que es una buena iniciativa [&hellip;]<\/p>\n","protected":false},"author":3,"featured_media":0,"comment_status":"open","ping_status":"open","sticky":false,"template":"","format":"standard","meta":{"footnotes":""},"categories":[17],"tags":[],"class_list":["post-214792","post","type-post","status-publish","format-standard","hentry","category-deportes"],"_links":{"self":[{"href":"https:\/\/diariodominicano.com\/index.php?rest_route=\/wp\/v2\/posts\/214792","targetHints":{"allow":["GET"]}}],"collection":[{"href":"https:\/\/diariodominicano.com\/index.php?rest_route=\/wp\/v2\/posts"}],"about":[{"href":"https:\/\/diariodominicano.com\/index.php?rest_route=\/wp\/v2\/types\/post"}],"author":[{"embeddable":true,"href":"https:\/\/diariodominicano.com\/index.php?rest_route=\/wp\/v2\/users\/3"}],"replies":[{"embeddable":true,"href":"https:\/\/diariodominicano.com\/index.php?rest_route=%2Fwp%2Fv2%2Fcomments&post=214792"}],"version-history":[{"count":0,"href":"https:\/\/diariodominicano.com\/index.php?rest_route=\/wp\/v2\/posts\/214792\/revisions"}],"wp:attachment":[{"href":"https:\/\/diariodominicano.com\/index.php?rest_route=%2Fwp%2Fv2%2Fmedia&parent=214792"}],"wp:term":[{"taxonomy":"category","embeddable":true,"href":"https:\/\/diariodominicano.com\/index.php?rest_route=%2Fwp%2Fv2%2Fcategories&post=214792"},{"taxonomy":"post_tag","embeddable":true,"href":"https:\/\/diariodominicano.com\/index.php?rest_route=%2Fwp%2Fv2%2Ftags&post=214792"}],"curies":[{"name":"wp","href":"https:\/\/api.w.org\/{rel}","templated":true}]}}