{"id":214782,"date":"2013-01-04T14:30:11","date_gmt":"2013-01-04T14:30:11","guid":{"rendered":"http:\/\/diariodominicano.ddns.net\/?p=214782"},"modified":"2013-01-04T14:30:11","modified_gmt":"2013-01-04T14:30:11","slug":"alfonso-paula-logra-triunfo-en-el-maraton-la-vega-moca","status":"publish","type":"post","link":"https:\/\/diariodominicano.com\/?p=214782","title":{"rendered":"Alfonso Paula logra triunfo en el Marat\u00f3n La Vega-Moca&#13;"},"content":{"rendered":"<p><body><\/p>\n<p>La Vega, RD 4 enero.- Por segundo a\u00f1o seguido Alfonso Paula, nativo de Cotui conquist\u00f3 el primer lugar en el Marat\u00f3n de La Vega- Moca, tras cronometrar tiempo de dos horas, 39 minutos y 19.56 mil\u00e9sima de segundos, siendo secundado por Istrel Clouis, de Hait\u00ed, quien registr\u00f3 foja de 2:42.<\/p>\n<\/p>\n<p>Asimismo, Julio C\u00e9sar Salcedo, nativo de La Vega cerr\u00f3 en el tercer puesto al concluir con registro de 2:46 y 16 segundos, en tanto que Leongino Gonz\u00e1lez y Francisco V\u00e1squez, de Santiago y Cotui cerraron en los lugares cuarto y quinto.<\/p>\n<\/p>\n<p>En femenino superior, la destacada atleta de San Juan, Andreina de La Rosa obtuvo el primer lugar en tiempo de 45 minutos y 24 segundos en el trayecto de La Vega-Santo Cerro -La Vega. Aisa S\u00e1nchez, de Santo Domingo ocup\u00f3 el segundo puesto con tiempo de 49:15 y la tercera posici\u00f3n fue para Santa Gir\u00f3n,  de San Pedro de Macor\u00eds.<\/p>\n<\/p>\n<p>Otras categor\u00edas celebradas fueron la sub-35 donde \u00c1lvaro Luis Abreu se alz\u00f3 con los principales pelda\u00f1os al registrar tiempo de 37:52, Santo Aibar, de Azua ocup\u00f3 el segundo puesto con 40:27 y Christopher Herrera  finaliz\u00f3 tercero con 41:13.<\/p>\n<\/p>\n<p>Marcos Minyette, de Santo Domingo hizo tiempo de 45:38 en la categor\u00eda de 35 hasta los 44 a\u00f1os, Marcelo Aquino de Monte Plata 49:21 ocup\u00f3 el segundo puesto y Luis Mar\u00eda Garc\u00eda, de Salcedo fue tercero con registro de 50:11. Finalmente en la categor\u00eda de 55 a\u00f1os y m\u00e1s, Juan Ram\u00f3n Polanco, de San Francisco de Macor\u00eds obtuvo el primer lugar, ocupando Emilio Mateo el segundo y Jos\u00e9 Rafael Alegr\u00eda, de San Francisco de Macor\u00eds qued\u00f3 en tercero.<\/p>\n<\/p>\n<p>Acto protocolar<\/p>\n<\/p>\n<p>La justa fue dedicada a los atletas veganos que participaron en los juegos ol\u00edmpicos de Londres 2012, como Mar\u00eda Garc\u00eda (Judo), Ana G\u00f3mez (Juez de Boxeo) y Winder Cuevas (Atletismo).<\/p>\n<\/p>\n<p>En el acto el gobernador civil y provincial doctor Rodr\u00edguez C\u00e9spedes dijo las palabras de bienvenida, Alexis Peguero como presidente de la asociaci\u00f3n de atletismo y Vice-Presidente de la federaci\u00f3n hablo sobre la exhortaci\u00f3n ol\u00edmpica a los participantes, licenciado Porfirio Veras Mercedes como presidente del comit\u00e9 permanente del marat\u00f3n motivo a los atleta a mantenerse practicando lo mas sano que le queda a la humanidad el deporte y mas este que se necesitade tanta resistencia y concentraci\u00f3n, el licenciado Francisco Peguero, presidente de la Uni\u00f3n Deportiva Vegana destac\u00f3 la dedicatoria a los atletas ol\u00edmpicosy le hizo un llamado a los empresarios y autoridades a que se integren al evento.<\/p>\n<\/p>\n<\/p>\n<\/p>\n<\/p>\n<h6> 2013-01-04 14:30:11 <\/h6>\n<p><!--\n<link rel=\"stylesheet\" href=\"css\/bootstrap.min.css\">\n\n\n<ul class=\"pagination\">\n\t    \n\t\n\n<li >\n\t<a href='?page_no=21891'>Previous<\/a>\n\t<\/li>\n\n\n       \n    \n\n<li><a href='?page_no=1'>1<\/a><\/li>\n\n\n\n<li><a href='?page_no=2'>2<\/a><\/li>\n\n\n\n<li><a>...<\/a><\/li>\n\n\n\n<li><a href='?page_no=21890'>21890<\/a><\/li>\n\n\n\n<li><a href='?page_no=21891'>21891<\/a><\/li>\n\n\n\n<li class='active'><a>21892<\/a><\/li>\n\n\n\n<li><a href='?page_no=21893'>21893<\/a><\/li>\n\n\n\n<li><a href='?page_no=21894'>21894<\/a><\/li>\n\n\n\n<li><a>...<\/a><\/li>\n\n\n\n<li><a href='?page_no=36618'>36618<\/a><\/li>\n\n\n\n<li><a href='?page_no=36619'>36619<\/a><\/li>\n\n    \n\t\n\n<li >\n\t<a href='?page_no=21893'>Next<\/a>\n\t<\/li>\n\n\n    \n\n<li><a href='?page_no=36619'>Last &rsaquo;&rsaquo;<\/a><\/li>\n\n<\/ul>\n\n\n--><br \/>\n<\/body><\/p>\n","protected":false},"excerpt":{"rendered":"<p>La Vega, RD 4 enero.- Por segundo a\u00f1o seguido Alfonso Paula, nativo de Cotui conquist\u00f3 el primer lugar en el Marat\u00f3n de La Vega- Moca, tras cronometrar tiempo de dos horas, 39 minutos y 19.56 mil\u00e9sima de segundos, siendo secundado por Istrel Clouis, de Hait\u00ed, quien registr\u00f3 foja de 2:42. Asimismo, Julio C\u00e9sar Salcedo, nativo [&hellip;]<\/p>\n","protected":false},"author":3,"featured_media":0,"comment_status":"open","ping_status":"open","sticky":false,"template":"","format":"standard","meta":{"footnotes":""},"categories":[17],"tags":[],"class_list":["post-214782","post","type-post","status-publish","format-standard","hentry","category-deportes"],"_links":{"self":[{"href":"https:\/\/diariodominicano.com\/index.php?rest_route=\/wp\/v2\/posts\/214782","targetHints":{"allow":["GET"]}}],"collection":[{"href":"https:\/\/diariodominicano.com\/index.php?rest_route=\/wp\/v2\/posts"}],"about":[{"href":"https:\/\/diariodominicano.com\/index.php?rest_route=\/wp\/v2\/types\/post"}],"author":[{"embeddable":true,"href":"https:\/\/diariodominicano.com\/index.php?rest_route=\/wp\/v2\/users\/3"}],"replies":[{"embeddable":true,"href":"https:\/\/diariodominicano.com\/index.php?rest_route=%2Fwp%2Fv2%2Fcomments&post=214782"}],"version-history":[{"count":0,"href":"https:\/\/diariodominicano.com\/index.php?rest_route=\/wp\/v2\/posts\/214782\/revisions"}],"wp:attachment":[{"href":"https:\/\/diariodominicano.com\/index.php?rest_route=%2Fwp%2Fv2%2Fmedia&parent=214782"}],"wp:term":[{"taxonomy":"category","embeddable":true,"href":"https:\/\/diariodominicano.com\/index.php?rest_route=%2Fwp%2Fv2%2Fcategories&post=214782"},{"taxonomy":"post_tag","embeddable":true,"href":"https:\/\/diariodominicano.com\/index.php?rest_route=%2Fwp%2Fv2%2Ftags&post=214782"}],"curies":[{"name":"wp","href":"https:\/\/api.w.org\/{rel}","templated":true}]}}