{"id":214776,"date":"2013-01-04T18:38:29","date_gmt":"2013-01-04T18:38:29","guid":{"rendered":"http:\/\/diariodominicano.ddns.net\/?p=214776"},"modified":"2013-01-04T18:38:29","modified_gmt":"2013-01-04T18:38:29","slug":"luis-martinez-revalida-corona-y-busca-mas-en-motocross-kendall","status":"publish","type":"post","link":"https:\/\/diariodominicano.com\/?p=214776","title":{"rendered":"Luis Mart\u00ednez revalida corona y busca m\u00e1s en motocross Kendall"},"content":{"rendered":"<p><body><\/p>\n<p>Santo Domingo RD 4 enero.- Luego de ganar la corona de primer lugar por segundo a\u00f1o consecutivo en el campeonato nacional Kendall de motocross, el ni\u00f1o piloto mocano, Lu\u00eds Mart\u00ednez, se dispone a competir en otra categor\u00eda m\u00e1s elevada en el 2013.<\/p>\n<\/p>\n<p>Mart\u00ednez, quien fuera campe\u00f3n nacional de la categor\u00eda super pee wee en el 2011, volvi\u00f3 a conquistar el campeonato en el 2012, tras re\u00f1idos duelos al final del evento.<\/p>\n<\/p>\n<p>Luego pasarse la mayor\u00eda de eventos del a\u00f1o pasado logrando estar en los lugares cimeros, casi nunca el primero por desperfectos de sus motores y las sorpresivas grandes demostraciones de su principal rival, Joseph Cruz, el campe\u00f3n logr\u00f3 al final ganar carreras importantes.<\/p>\n<\/p>\n<p>Para ganar la corona del 2012, ya recuperado y con un motor que respond\u00eda a su destreza como piloto, esper\u00f3 hasta el \u00faltimo evento del campeonato, en el cual, el que llegara primero entre Cruz y \u00e9l, Mart\u00ednez, ser\u00eda el campe\u00f3n.<\/p>\n<\/p>\n<p>All\u00ed triunf\u00f3 convincentemente y se coron\u00f3 campe\u00f3n nacional, ahora, dispuesto a correr con mayores, el ni\u00f1o de ocho a\u00f1os, Lu\u00eds Mart\u00ednez, se dispone a montar un motor de 65cc, una categor\u00eda de m\u00e1s cilindrajes.<\/p>\n<\/p>\n<p>El, junto con el equipo encabezado por su padre, est\u00e1 dispuesto a seguir en la cima, por lo que se dispone a practicar fuerte a la espera del campeonato nacional Kendall de motocross que inicia en el mes de marzo.<\/p>\n<\/p>\n<\/p>\n<h6> 2013-01-04 18:38:29 <\/h6>\n<p><!--\n<link rel=\"stylesheet\" href=\"css\/bootstrap.min.css\">\n\n\n<ul class=\"pagination\">\n\t    \n\t\n\n<li >\n\t<a href='?page_no=21885'>Previous<\/a>\n\t<\/li>\n\n\n       \n    \n\n<li><a href='?page_no=1'>1<\/a><\/li>\n\n\n\n<li><a href='?page_no=2'>2<\/a><\/li>\n\n\n\n<li><a>...<\/a><\/li>\n\n\n\n<li><a href='?page_no=21884'>21884<\/a><\/li>\n\n\n\n<li><a href='?page_no=21885'>21885<\/a><\/li>\n\n\n\n<li class='active'><a>21886<\/a><\/li>\n\n\n\n<li><a href='?page_no=21887'>21887<\/a><\/li>\n\n\n\n<li><a href='?page_no=21888'>21888<\/a><\/li>\n\n\n\n<li><a>...<\/a><\/li>\n\n\n\n<li><a href='?page_no=36618'>36618<\/a><\/li>\n\n\n\n<li><a href='?page_no=36619'>36619<\/a><\/li>\n\n    \n\t\n\n<li >\n\t<a href='?page_no=21887'>Next<\/a>\n\t<\/li>\n\n\n    \n\n<li><a href='?page_no=36619'>Last &rsaquo;&rsaquo;<\/a><\/li>\n\n<\/ul>\n\n\n--><br \/>\n<\/body><\/p>\n","protected":false},"excerpt":{"rendered":"<p>Santo Domingo RD 4 enero.- Luego de ganar la corona de primer lugar por segundo a\u00f1o consecutivo en el campeonato nacional Kendall de motocross, el ni\u00f1o piloto mocano, Lu\u00eds Mart\u00ednez, se dispone a competir en otra categor\u00eda m\u00e1s elevada en el 2013. Mart\u00ednez, quien fuera campe\u00f3n nacional de la categor\u00eda super pee wee en el [&hellip;]<\/p>\n","protected":false},"author":3,"featured_media":0,"comment_status":"open","ping_status":"open","sticky":false,"template":"","format":"standard","meta":{"footnotes":""},"categories":[17],"tags":[],"class_list":["post-214776","post","type-post","status-publish","format-standard","hentry","category-deportes"],"_links":{"self":[{"href":"https:\/\/diariodominicano.com\/index.php?rest_route=\/wp\/v2\/posts\/214776","targetHints":{"allow":["GET"]}}],"collection":[{"href":"https:\/\/diariodominicano.com\/index.php?rest_route=\/wp\/v2\/posts"}],"about":[{"href":"https:\/\/diariodominicano.com\/index.php?rest_route=\/wp\/v2\/types\/post"}],"author":[{"embeddable":true,"href":"https:\/\/diariodominicano.com\/index.php?rest_route=\/wp\/v2\/users\/3"}],"replies":[{"embeddable":true,"href":"https:\/\/diariodominicano.com\/index.php?rest_route=%2Fwp%2Fv2%2Fcomments&post=214776"}],"version-history":[{"count":0,"href":"https:\/\/diariodominicano.com\/index.php?rest_route=\/wp\/v2\/posts\/214776\/revisions"}],"wp:attachment":[{"href":"https:\/\/diariodominicano.com\/index.php?rest_route=%2Fwp%2Fv2%2Fmedia&parent=214776"}],"wp:term":[{"taxonomy":"category","embeddable":true,"href":"https:\/\/diariodominicano.com\/index.php?rest_route=%2Fwp%2Fv2%2Fcategories&post=214776"},{"taxonomy":"post_tag","embeddable":true,"href":"https:\/\/diariodominicano.com\/index.php?rest_route=%2Fwp%2Fv2%2Ftags&post=214776"}],"curies":[{"name":"wp","href":"https:\/\/api.w.org\/{rel}","templated":true}]}}