{"id":214771,"date":"2013-01-06T12:54:18","date_gmt":"2013-01-06T12:54:18","guid":{"rendered":"http:\/\/diariodominicano.ddns.net\/?p=214771"},"modified":"2013-01-06T12:54:18","modified_gmt":"2013-01-06T12:54:18","slug":"muere-el-ex-pelotero-jose-miguel-coiscou-matos","status":"publish","type":"post","link":"https:\/\/diariodominicano.com\/?p=214771","title":{"rendered":"Muere el ex pelotero Jose Miguel Coiscou Matos"},"content":{"rendered":"<p><body><\/p>\n<p><span class=\"text1noticias\">TEUDDY A. SANCHEZ<\/span><\/p>\n<p><span class=\"text1noticias\">   <\/span><\/p>\n<p><span class=\"text1noticias\">Rep. Dom. 6 de Enero.-Falleci\u00f3 este s\u00e1bado en esta ciudad de Barahona, el ex pelotero de los Tigres del Licey, Jos\u00e9 Miguel Coiscou Matos, cuyo acto de sepelio se realizar\u00e1 este domingo.<\/span><\/p>\n<\/p>\n<p><span class=\"text1noticias\">Coiscou Matos naci\u00f3 el 8 de marzo del 1936 en esta localidad, siendo sus padres Julio A. Coiscou y Altagracia Matos. Falleci\u00f3 de quebrantos de salud.<\/span><\/p>\n<\/p>\n<p><span class=\"text1noticias\">El ex pelotero es velado en la funeraria El Angel de la calle Anacaona, y este domingo a las 10:00 de la ma\u00f1ana ser\u00e1 sepultado.<\/span><\/p>\n<\/p>\n<p><span class=\"text1noticias\">Seg\u00fan el blog El Barahonero, el fallecido fue el primer dominicano firmado por los Yankeees de New York, en el 1959. En el b\u00e9isbol dominicano milit\u00f3 con el Licey.<\/span><\/p>\n<\/p>\n<p><span class=\"text1noticias\">Estuvo casado con la se\u00f1ora Mirtha suero, con la cual procre\u00f3  seis hijos. Tuvo otros diez hijos fruto de otras relaciones para totalizar 16.(HG)<\/span>.<\/p>\n<\/p>\n<\/p>\n<h6> 2013-01-06 12:54:18 <\/h6>\n<p><!--\n<link rel=\"stylesheet\" href=\"css\/bootstrap.min.css\">\n\n\n<ul class=\"pagination\">\n\t    \n\t\n\n<li >\n\t<a href='?page_no=21880'>Previous<\/a>\n\t<\/li>\n\n\n       \n    \n\n<li><a href='?page_no=1'>1<\/a><\/li>\n\n\n\n<li><a href='?page_no=2'>2<\/a><\/li>\n\n\n\n<li><a>...<\/a><\/li>\n\n\n\n<li><a href='?page_no=21879'>21879<\/a><\/li>\n\n\n\n<li><a href='?page_no=21880'>21880<\/a><\/li>\n\n\n\n<li class='active'><a>21881<\/a><\/li>\n\n\n\n<li><a href='?page_no=21882'>21882<\/a><\/li>\n\n\n\n<li><a href='?page_no=21883'>21883<\/a><\/li>\n\n\n\n<li><a>...<\/a><\/li>\n\n\n\n<li><a href='?page_no=36618'>36618<\/a><\/li>\n\n\n\n<li><a href='?page_no=36619'>36619<\/a><\/li>\n\n    \n\t\n\n<li >\n\t<a href='?page_no=21882'>Next<\/a>\n\t<\/li>\n\n\n    \n\n<li><a href='?page_no=36619'>Last &rsaquo;&rsaquo;<\/a><\/li>\n\n<\/ul>\n\n\n--><br \/>\n<\/body><\/p>\n","protected":false},"excerpt":{"rendered":"<p>TEUDDY A. SANCHEZ Rep. Dom. 6 de Enero.-Falleci\u00f3 este s\u00e1bado en esta ciudad de Barahona, el ex pelotero de los Tigres del Licey, Jos\u00e9 Miguel Coiscou Matos, cuyo acto de sepelio se realizar\u00e1 este domingo. Coiscou Matos naci\u00f3 el 8 de marzo del 1936 en esta localidad, siendo sus padres Julio A. Coiscou y Altagracia [&hellip;]<\/p>\n","protected":false},"author":3,"featured_media":0,"comment_status":"open","ping_status":"open","sticky":false,"template":"","format":"standard","meta":{"footnotes":""},"categories":[17],"tags":[],"class_list":["post-214771","post","type-post","status-publish","format-standard","hentry","category-deportes"],"_links":{"self":[{"href":"https:\/\/diariodominicano.com\/index.php?rest_route=\/wp\/v2\/posts\/214771","targetHints":{"allow":["GET"]}}],"collection":[{"href":"https:\/\/diariodominicano.com\/index.php?rest_route=\/wp\/v2\/posts"}],"about":[{"href":"https:\/\/diariodominicano.com\/index.php?rest_route=\/wp\/v2\/types\/post"}],"author":[{"embeddable":true,"href":"https:\/\/diariodominicano.com\/index.php?rest_route=\/wp\/v2\/users\/3"}],"replies":[{"embeddable":true,"href":"https:\/\/diariodominicano.com\/index.php?rest_route=%2Fwp%2Fv2%2Fcomments&post=214771"}],"version-history":[{"count":0,"href":"https:\/\/diariodominicano.com\/index.php?rest_route=\/wp\/v2\/posts\/214771\/revisions"}],"wp:attachment":[{"href":"https:\/\/diariodominicano.com\/index.php?rest_route=%2Fwp%2Fv2%2Fmedia&parent=214771"}],"wp:term":[{"taxonomy":"category","embeddable":true,"href":"https:\/\/diariodominicano.com\/index.php?rest_route=%2Fwp%2Fv2%2Fcategories&post=214771"},{"taxonomy":"post_tag","embeddable":true,"href":"https:\/\/diariodominicano.com\/index.php?rest_route=%2Fwp%2Fv2%2Ftags&post=214771"}],"curies":[{"name":"wp","href":"https:\/\/api.w.org\/{rel}","templated":true}]}}