{"id":214760,"date":"2013-01-08T12:37:08","date_gmt":"2013-01-08T12:37:08","guid":{"rendered":"http:\/\/diariodominicano.ddns.net\/?p=214760"},"modified":"2013-01-08T12:37:08","modified_gmt":"2013-01-08T12:37:08","slug":"la-seleccion-minaya-se-proclama-campeon-en-el-i-clasico-de-basket-superior-de-santiago","status":"publish","type":"post","link":"https:\/\/diariodominicano.com\/?p=214760","title":{"rendered":"La Selecci\u00f3n Minaya se proclama campe\u00f3n en el I Cl\u00e1sico de Basket Superior de Santiago"},"content":{"rendered":"<p><body><\/p>\n<p><span class=\"text1noticias\">Rep. Dom. 8 de Enero.-La Selecci\u00f3n Minaya obtuvo el pasado domingo el t\u00edtulo de campe\u00f3n del Primer Cl\u00e1sico de Baloncesto Superior de la Ciudad de Santiago al derrotar en el \u00faltimo partido decisivo 94-86 al combinado del club Bella Vista, teniendo como escenario la cancha abierta de la comunidad del Reparto Peralta.<\/span><\/p>\n<\/p>\n<p><span class=\"text1noticias\">Alejandro Liriano encabez\u00f3 la ofensiva por los campeones 20 puntos, 8 rebotes y 5 asistencias respaldado por Charlie Rodr\u00edguez con 16 puntos, 14 rebotes y 3 asistencias y Juan Coronado (Pedales) con 13 puntos, 9 asistencias y 6 rebotes.<\/span><\/p>\n<\/p>\n<p><span class=\"text1noticias\">Manuel Reyes (Chochi) fue el m\u00e1s destacado a la ofensiva por Bella Vista con 25 puntos, 8 rebotes 4 asistencias seguido por Noel Est\u00e9vez con 21 puntos, 7 asistencias y 4 rebotes y Breily Reyes con 11 puntos y 10 rebotes.<\/span><\/p>\n<\/p>\n<p><span class=\"text1noticias\">En el medio tiempo el se\u00f1or Manuel Minaya en su calidad de presidente de la Fundaci\u00f3n volvi\u00f3 hacer historia al regalar cientos de juguetes a los ni\u00f1os y ni\u00f1as que presenciaron ese tercer partido decisivo en la cancha de la comunidad del Reparto Peralta.<\/span><\/p>\n<\/p>\n<p><span class=\"text1noticias\">Charlie Rodr\u00edguez fue electo como el Jugador M\u00e1s Valioso (JMV) de ese Primer Cl\u00e1sico, el cual fue organizado y patrocinado por la Fundaci\u00f3n Deportiva Minaya (FDM), que preside el se\u00f1or Manuel Minaya.<\/span><\/p>\n<\/p>\n<p><span class=\"text1noticias\">Luego de finalizar el encuentro el se\u00f1or Manuel Minaya procedi\u00f3 a realizar la premiaci\u00f3n, donde entrego la gran copa FDM a la Selecci\u00f3n Minaya por coronarse campe\u00f3n, del mismo modo realiz\u00f3 la entrega  medallas a cada uno de los integrantes de dicho equipo.<\/span><\/p>\n<\/p>\n<p><span class=\"text1noticias\">Finalmente el se\u00f1or Minaya agradeci\u00f3 el respaldo recibido por los miles de fan\u00e1ticos que se dieron citas durante el fin de semana completo a la cancha del Reparto Peralta a disfrutar de ese hist\u00f3rico evento, que lleno de alegr\u00eda y emociones a todos los moradores del sector de Bella Vista.(HG<\/span>).<\/p>\n<\/p>\n<\/p>\n<h6> 2013-01-08 12:37:08 <\/h6>\n<p><!--\n<link rel=\"stylesheet\" href=\"css\/bootstrap.min.css\">\n\n\n<ul class=\"pagination\">\n\t    \n\t\n\n<li >\n\t<a href='?page_no=21869'>Previous<\/a>\n\t<\/li>\n\n\n       \n    \n\n<li><a href='?page_no=1'>1<\/a><\/li>\n\n\n\n<li><a href='?page_no=2'>2<\/a><\/li>\n\n\n\n<li><a>...<\/a><\/li>\n\n\n\n<li><a href='?page_no=21868'>21868<\/a><\/li>\n\n\n\n<li><a href='?page_no=21869'>21869<\/a><\/li>\n\n\n\n<li class='active'><a>21870<\/a><\/li>\n\n\n\n<li><a href='?page_no=21871'>21871<\/a><\/li>\n\n\n\n<li><a href='?page_no=21872'>21872<\/a><\/li>\n\n\n\n<li><a>...<\/a><\/li>\n\n\n\n<li><a href='?page_no=36618'>36618<\/a><\/li>\n\n\n\n<li><a href='?page_no=36619'>36619<\/a><\/li>\n\n    \n\t\n\n<li >\n\t<a href='?page_no=21871'>Next<\/a>\n\t<\/li>\n\n\n    \n\n<li><a href='?page_no=36619'>Last &rsaquo;&rsaquo;<\/a><\/li>\n\n<\/ul>\n\n\n--><br \/>\n<\/body><\/p>\n","protected":false},"excerpt":{"rendered":"<p>Rep. Dom. 8 de Enero.-La Selecci\u00f3n Minaya obtuvo el pasado domingo el t\u00edtulo de campe\u00f3n del Primer Cl\u00e1sico de Baloncesto Superior de la Ciudad de Santiago al derrotar en el \u00faltimo partido decisivo 94-86 al combinado del club Bella Vista, teniendo como escenario la cancha abierta de la comunidad del Reparto Peralta. Alejandro Liriano encabez\u00f3 [&hellip;]<\/p>\n","protected":false},"author":3,"featured_media":0,"comment_status":"open","ping_status":"open","sticky":false,"template":"","format":"standard","meta":{"footnotes":""},"categories":[17],"tags":[],"class_list":["post-214760","post","type-post","status-publish","format-standard","hentry","category-deportes"],"_links":{"self":[{"href":"https:\/\/diariodominicano.com\/index.php?rest_route=\/wp\/v2\/posts\/214760","targetHints":{"allow":["GET"]}}],"collection":[{"href":"https:\/\/diariodominicano.com\/index.php?rest_route=\/wp\/v2\/posts"}],"about":[{"href":"https:\/\/diariodominicano.com\/index.php?rest_route=\/wp\/v2\/types\/post"}],"author":[{"embeddable":true,"href":"https:\/\/diariodominicano.com\/index.php?rest_route=\/wp\/v2\/users\/3"}],"replies":[{"embeddable":true,"href":"https:\/\/diariodominicano.com\/index.php?rest_route=%2Fwp%2Fv2%2Fcomments&post=214760"}],"version-history":[{"count":0,"href":"https:\/\/diariodominicano.com\/index.php?rest_route=\/wp\/v2\/posts\/214760\/revisions"}],"wp:attachment":[{"href":"https:\/\/diariodominicano.com\/index.php?rest_route=%2Fwp%2Fv2%2Fmedia&parent=214760"}],"wp:term":[{"taxonomy":"category","embeddable":true,"href":"https:\/\/diariodominicano.com\/index.php?rest_route=%2Fwp%2Fv2%2Fcategories&post=214760"},{"taxonomy":"post_tag","embeddable":true,"href":"https:\/\/diariodominicano.com\/index.php?rest_route=%2Fwp%2Fv2%2Ftags&post=214760"}],"curies":[{"name":"wp","href":"https:\/\/api.w.org\/{rel}","templated":true}]}}