{"id":214738,"date":"2013-01-10T20:56:01","date_gmt":"2013-01-10T20:56:01","guid":{"rendered":"http:\/\/diariodominicano.ddns.net\/?p=214738"},"modified":"2013-01-10T20:56:01","modified_gmt":"2013-01-10T20:56:01","slug":"16-clubles-anuncian-su-respaldo-a-la-reeleccion-de-nestor-de-jesus-laurens-en-el-baloncesto-de-barahona","status":"publish","type":"post","link":"https:\/\/diariodominicano.com\/?p=214738","title":{"rendered":"16 clubles anuncian su respaldo a la reelecci\u00f3n de N\u00e9stor de Jes\u00fas Laurens en el baloncesto de Barahona"},"content":{"rendered":"<p><body><\/p>\n<p><span class=\"text1noticias\">TEUDDY A. SANCHEZ<\/span><\/p>\n<\/p>\n<p><span class=\"text1noticias\">Rep. Dom. 10 de Enero.-Diecis\u00e9is clubes anunciaron su respaldo a la reelecci\u00f3n del licenciado N\u00e9stor de Jes\u00fas Laurens en la presidencia de la Asociaci\u00f3n de Baloncesto de Barahona.<\/span><\/p>\n<p><span class=\"text1noticias\"> <\/span><\/p>\n<p><span class=\"text1noticias\">        Las elecciones est\u00e1n programadas para el 12 de este mes en el Palacio de los Deportes de Villa Central, a partir de las 10:00 de la ma\u00f1ana.<\/span><\/p>\n<p><span class=\"text1noticias\"> <\/span><\/p>\n<p><span class=\"text1noticias\">        Los clubes que respaldan a De Jes\u00fas Laurens son, el Juan Pablo Duarte, El Laurel, Arawak, La Ci\u00e9naga, Cabral, Para\u00edso, Gregorio Luper\u00f3n y Maria Montez.<\/span><\/p>\n<p><span class=\"text1noticias\"> <\/span><\/p>\n<p><span class=\"text1noticias\">        Adem\u00e1s de Cacique Enriquillo, Los Cachorros, La Uni\u00f3n, Enriquillo, Bahoruco, El Pe\u00f1\u00f3n, Santa Cruz y Villa Estela. Solo el Central, del distrito municipal de Villa Central no apoya la reelecci\u00f3n del presidente de la Asociaci\u00f3n de Baloncesto.<\/span><\/p>\n<p><span class=\"text1noticias\"> <\/span><\/p>\n<p><span class=\"text1noticias\">        \u00abRespaldamos a unanimidad al actual presidente de la Asociaci\u00f3n de Baloncesto por entender que ha realizado un excelente trabajo a favor del baloncesto de esta provincia\u00bb, indica la nota.<\/span><\/p>\n<p><span class=\"text1noticias\"> <\/span><\/p>\n<p><span class=\"text1noticias\">        Las elecciones de este s\u00e1bado son para un periodo de dos a\u00f1os. Se debi\u00f3 realizar el pasado a\u00f1o, pero fue pospuesta para este 2013.(HG)<\/span>.<\/p>\n<\/p>\n<\/p>\n<h6> 2013-01-10 20:56:01 <\/h6>\n<p><!--\n<link rel=\"stylesheet\" href=\"css\/bootstrap.min.css\">\n\n\n<ul class=\"pagination\">\n\t    \n\t\n\n<li >\n\t<a href='?page_no=21847'>Previous<\/a>\n\t<\/li>\n\n\n       \n    \n\n<li><a href='?page_no=1'>1<\/a><\/li>\n\n\n\n<li><a href='?page_no=2'>2<\/a><\/li>\n\n\n\n<li><a>...<\/a><\/li>\n\n\n\n<li><a href='?page_no=21846'>21846<\/a><\/li>\n\n\n\n<li><a href='?page_no=21847'>21847<\/a><\/li>\n\n\n\n<li class='active'><a>21848<\/a><\/li>\n\n\n\n<li><a href='?page_no=21849'>21849<\/a><\/li>\n\n\n\n<li><a href='?page_no=21850'>21850<\/a><\/li>\n\n\n\n<li><a>...<\/a><\/li>\n\n\n\n<li><a href='?page_no=36618'>36618<\/a><\/li>\n\n\n\n<li><a href='?page_no=36619'>36619<\/a><\/li>\n\n    \n\t\n\n<li >\n\t<a href='?page_no=21849'>Next<\/a>\n\t<\/li>\n\n\n    \n\n<li><a href='?page_no=36619'>Last &rsaquo;&rsaquo;<\/a><\/li>\n\n<\/ul>\n\n\n--><br \/>\n<\/body><\/p>\n","protected":false},"excerpt":{"rendered":"<p>TEUDDY A. SANCHEZ Rep. Dom. 10 de Enero.-Diecis\u00e9is clubes anunciaron su respaldo a la reelecci\u00f3n del licenciado N\u00e9stor de Jes\u00fas Laurens en la presidencia de la Asociaci\u00f3n de Baloncesto de Barahona. Las elecciones est\u00e1n programadas para el 12 de este mes en el Palacio de los Deportes de Villa Central, a partir de las 10:00 [&hellip;]<\/p>\n","protected":false},"author":3,"featured_media":0,"comment_status":"open","ping_status":"open","sticky":false,"template":"","format":"standard","meta":{"footnotes":""},"categories":[17],"tags":[],"class_list":["post-214738","post","type-post","status-publish","format-standard","hentry","category-deportes"],"_links":{"self":[{"href":"https:\/\/diariodominicano.com\/index.php?rest_route=\/wp\/v2\/posts\/214738","targetHints":{"allow":["GET"]}}],"collection":[{"href":"https:\/\/diariodominicano.com\/index.php?rest_route=\/wp\/v2\/posts"}],"about":[{"href":"https:\/\/diariodominicano.com\/index.php?rest_route=\/wp\/v2\/types\/post"}],"author":[{"embeddable":true,"href":"https:\/\/diariodominicano.com\/index.php?rest_route=\/wp\/v2\/users\/3"}],"replies":[{"embeddable":true,"href":"https:\/\/diariodominicano.com\/index.php?rest_route=%2Fwp%2Fv2%2Fcomments&post=214738"}],"version-history":[{"count":0,"href":"https:\/\/diariodominicano.com\/index.php?rest_route=\/wp\/v2\/posts\/214738\/revisions"}],"wp:attachment":[{"href":"https:\/\/diariodominicano.com\/index.php?rest_route=%2Fwp%2Fv2%2Fmedia&parent=214738"}],"wp:term":[{"taxonomy":"category","embeddable":true,"href":"https:\/\/diariodominicano.com\/index.php?rest_route=%2Fwp%2Fv2%2Fcategories&post=214738"},{"taxonomy":"post_tag","embeddable":true,"href":"https:\/\/diariodominicano.com\/index.php?rest_route=%2Fwp%2Fv2%2Ftags&post=214738"}],"curies":[{"name":"wp","href":"https:\/\/api.w.org\/{rel}","templated":true}]}}