{"id":214732,"date":"2013-01-11T17:27:35","date_gmt":"2013-01-11T17:27:35","guid":{"rendered":"http:\/\/diariodominicano.ddns.net\/?p=214732"},"modified":"2013-01-11T17:27:35","modified_gmt":"2013-01-11T17:27:35","slug":"ferrer-repite-final-y-se-acerca-al-record-de-un-cuarto-titulo","status":"publish","type":"post","link":"https:\/\/diariodominicano.com\/?p=214732","title":{"rendered":"Ferrer repite final y se acerca al r\u00e9cord de un cuarto t\u00edtulo"},"content":{"rendered":"<p><body><\/p>\n<p>Nueva Zelandia 11 enero.- El espa\u00f1ol David Ferrer, primer cabeza de serie del Open de Auckland (Nueva Zelanda), repetir\u00e1 presencia en la final de este torneo tras derrotar hoy y con facilidad (6-1 y 6-2) al franc\u00e9s Gael Monfils.<\/p>\n<\/p>\n<p>El alem\u00e1n Philipp Kohlschreiber ser\u00e1 ma\u00f1ana, s\u00e1bado, el \u00faltimo rival para Ferrer. El tenista espa\u00f1ol, el quinto mejor jugador del planeta, librar\u00e1 una nueva final en el Open de Auckland en busca de un r\u00e9cord: conquistar un cuarto t\u00edtulo, en su novena aparici\u00f3n.<\/p>\n<\/p>\n<p>Kohlschreiber, segundo cabeza de serie, derrot\u00f3 tambi\u00e9n en dos sets (6-4 y 7-6) y en su semifinal al estadounidense Sam Querrey.<\/p>\n<\/p>\n<p>El alicantino Ferrer presenta un balance positivo (6 victorias y 3 derrotas) frente al tenista alem\u00e1n, a quien el a\u00f1o pasado ya super\u00f3 en la ronda de cuartos de final.<\/p>\n<\/p>\n<p>\u00abEs mejor haber ganado en dos sets y as\u00ed estar m\u00e1s descansado para la final del s\u00e1bado\u00bb, dijo Ferrer al ATP Tour, tras derrotar a Monfils en solo 49 minutos.<\/p>\n<\/p>\n<p>Ferrer, de 30 a\u00f1os, tambi\u00e9n pudo vengar las tres \u00faltimas derrotas que sufri\u00f3 a manos del tenista franc\u00e9s. La victoria del espa\u00f1ol se ciment\u00f3 en su eficacia con el primer servicio (89 por ciento).<\/p>\n<\/p>\n<\/p>\n<\/p>\n<\/p>\n<\/p>\n<\/p>\n<h6> 2013-01-11 17:27:35 <\/h6>\n<p><!--\n<link rel=\"stylesheet\" href=\"css\/bootstrap.min.css\">\n\n\n<ul class=\"pagination\">\n\t    \n\t\n\n<li >\n\t<a href='?page_no=21841'>Previous<\/a>\n\t<\/li>\n\n\n       \n    \n\n<li><a href='?page_no=1'>1<\/a><\/li>\n\n\n\n<li><a href='?page_no=2'>2<\/a><\/li>\n\n\n\n<li><a>...<\/a><\/li>\n\n\n\n<li><a href='?page_no=21840'>21840<\/a><\/li>\n\n\n\n<li><a href='?page_no=21841'>21841<\/a><\/li>\n\n\n\n<li class='active'><a>21842<\/a><\/li>\n\n\n\n<li><a href='?page_no=21843'>21843<\/a><\/li>\n\n\n\n<li><a href='?page_no=21844'>21844<\/a><\/li>\n\n\n\n<li><a>...<\/a><\/li>\n\n\n\n<li><a href='?page_no=36618'>36618<\/a><\/li>\n\n\n\n<li><a href='?page_no=36619'>36619<\/a><\/li>\n\n    \n\t\n\n<li >\n\t<a href='?page_no=21843'>Next<\/a>\n\t<\/li>\n\n\n    \n\n<li><a href='?page_no=36619'>Last &rsaquo;&rsaquo;<\/a><\/li>\n\n<\/ul>\n\n\n--><br \/>\n<\/body><\/p>\n","protected":false},"excerpt":{"rendered":"<p>Nueva Zelandia 11 enero.- El espa\u00f1ol David Ferrer, primer cabeza de serie del Open de Auckland (Nueva Zelanda), repetir\u00e1 presencia en la final de este torneo tras derrotar hoy y con facilidad (6-1 y 6-2) al franc\u00e9s Gael Monfils. El alem\u00e1n Philipp Kohlschreiber ser\u00e1 ma\u00f1ana, s\u00e1bado, el \u00faltimo rival para Ferrer. El tenista espa\u00f1ol, el [&hellip;]<\/p>\n","protected":false},"author":3,"featured_media":0,"comment_status":"open","ping_status":"open","sticky":false,"template":"","format":"standard","meta":{"footnotes":""},"categories":[17],"tags":[],"class_list":["post-214732","post","type-post","status-publish","format-standard","hentry","category-deportes"],"_links":{"self":[{"href":"https:\/\/diariodominicano.com\/index.php?rest_route=\/wp\/v2\/posts\/214732","targetHints":{"allow":["GET"]}}],"collection":[{"href":"https:\/\/diariodominicano.com\/index.php?rest_route=\/wp\/v2\/posts"}],"about":[{"href":"https:\/\/diariodominicano.com\/index.php?rest_route=\/wp\/v2\/types\/post"}],"author":[{"embeddable":true,"href":"https:\/\/diariodominicano.com\/index.php?rest_route=\/wp\/v2\/users\/3"}],"replies":[{"embeddable":true,"href":"https:\/\/diariodominicano.com\/index.php?rest_route=%2Fwp%2Fv2%2Fcomments&post=214732"}],"version-history":[{"count":0,"href":"https:\/\/diariodominicano.com\/index.php?rest_route=\/wp\/v2\/posts\/214732\/revisions"}],"wp:attachment":[{"href":"https:\/\/diariodominicano.com\/index.php?rest_route=%2Fwp%2Fv2%2Fmedia&parent=214732"}],"wp:term":[{"taxonomy":"category","embeddable":true,"href":"https:\/\/diariodominicano.com\/index.php?rest_route=%2Fwp%2Fv2%2Fcategories&post=214732"},{"taxonomy":"post_tag","embeddable":true,"href":"https:\/\/diariodominicano.com\/index.php?rest_route=%2Fwp%2Fv2%2Ftags&post=214732"}],"curies":[{"name":"wp","href":"https:\/\/api.w.org\/{rel}","templated":true}]}}