{"id":214731,"date":"2013-01-11T17:33:59","date_gmt":"2013-01-11T17:33:59","guid":{"rendered":"http:\/\/diariodominicano.ddns.net\/?p=214731"},"modified":"2013-01-11T17:33:59","modified_gmt":"2013-01-11T17:33:59","slug":"dominicana-abrira-primer-juego-de-la-serie-del-caribe","status":"publish","type":"post","link":"https:\/\/diariodominicano.com\/?p=214731","title":{"rendered":"Dominicana abrir\u00e1 primer juego de la Serie del Caribe"},"content":{"rendered":"<p><body><\/p>\n<p>Hermosillo, M\u00e9xico 11 enero.- El nuevo Estadio Sonora, que servir\u00e1 de sede en febrero de la Serie del Caribe, ser\u00e1 inaugurado el 1 de febrero con un partido entre Venezuela y Rep\u00fablica Dominicana.<\/p>\n<\/p>\n<p>El Estadio Sonora tendr\u00e1 un aforo de 15,000 espectadores y contar\u00e1 con 3,500 estacionamientos.<\/p>\n<\/p>\n<p>El recinto presenta actualmente un 97% de avance y estar\u00e1 listo pr\u00e1cticamente en la pr\u00f3xima semana, antes de la apertura de la competici\u00f3n que re\u00fane a los campeones de las ligas invernales.<\/p>\n<\/p>\n<p>Pedro Guti\u00e9rrez, vocero de la Liga del Pac\u00edfico, coment\u00f3 que M\u00e9xico ya est\u00e1 listo para recibir a los campeones de cada pa\u00eds, garantiz\u00f3 la seguridad de los asistentes, tanto peloteros como aficionados y confirm\u00f3 que a la fecha se ha vendido un 95 por ciento de las entradas.<\/p>\n<\/p>\n<\/p>\n<\/p>\n<\/p>\n<\/p>\n<\/p>\n<h6> 2013-01-11 17:33:59 <\/h6>\n<p><!--\n<link rel=\"stylesheet\" href=\"css\/bootstrap.min.css\">\n\n\n<ul class=\"pagination\">\n\t    \n\t\n\n<li >\n\t<a href='?page_no=21840'>Previous<\/a>\n\t<\/li>\n\n\n       \n    \n\n<li><a href='?page_no=1'>1<\/a><\/li>\n\n\n\n<li><a href='?page_no=2'>2<\/a><\/li>\n\n\n\n<li><a>...<\/a><\/li>\n\n\n\n<li><a href='?page_no=21839'>21839<\/a><\/li>\n\n\n\n<li><a href='?page_no=21840'>21840<\/a><\/li>\n\n\n\n<li class='active'><a>21841<\/a><\/li>\n\n\n\n<li><a href='?page_no=21842'>21842<\/a><\/li>\n\n\n\n<li><a href='?page_no=21843'>21843<\/a><\/li>\n\n\n\n<li><a>...<\/a><\/li>\n\n\n\n<li><a href='?page_no=36618'>36618<\/a><\/li>\n\n\n\n<li><a href='?page_no=36619'>36619<\/a><\/li>\n\n    \n\t\n\n<li >\n\t<a href='?page_no=21842'>Next<\/a>\n\t<\/li>\n\n\n    \n\n<li><a href='?page_no=36619'>Last &rsaquo;&rsaquo;<\/a><\/li>\n\n<\/ul>\n\n\n--><br \/>\n<\/body><\/p>\n","protected":false},"excerpt":{"rendered":"<p>Hermosillo, M\u00e9xico 11 enero.- El nuevo Estadio Sonora, que servir\u00e1 de sede en febrero de la Serie del Caribe, ser\u00e1 inaugurado el 1 de febrero con un partido entre Venezuela y Rep\u00fablica Dominicana. El Estadio Sonora tendr\u00e1 un aforo de 15,000 espectadores y contar\u00e1 con 3,500 estacionamientos. El recinto presenta actualmente un 97% de avance [&hellip;]<\/p>\n","protected":false},"author":3,"featured_media":0,"comment_status":"open","ping_status":"open","sticky":false,"template":"","format":"standard","meta":{"footnotes":""},"categories":[17],"tags":[],"class_list":["post-214731","post","type-post","status-publish","format-standard","hentry","category-deportes"],"_links":{"self":[{"href":"https:\/\/diariodominicano.com\/index.php?rest_route=\/wp\/v2\/posts\/214731","targetHints":{"allow":["GET"]}}],"collection":[{"href":"https:\/\/diariodominicano.com\/index.php?rest_route=\/wp\/v2\/posts"}],"about":[{"href":"https:\/\/diariodominicano.com\/index.php?rest_route=\/wp\/v2\/types\/post"}],"author":[{"embeddable":true,"href":"https:\/\/diariodominicano.com\/index.php?rest_route=\/wp\/v2\/users\/3"}],"replies":[{"embeddable":true,"href":"https:\/\/diariodominicano.com\/index.php?rest_route=%2Fwp%2Fv2%2Fcomments&post=214731"}],"version-history":[{"count":0,"href":"https:\/\/diariodominicano.com\/index.php?rest_route=\/wp\/v2\/posts\/214731\/revisions"}],"wp:attachment":[{"href":"https:\/\/diariodominicano.com\/index.php?rest_route=%2Fwp%2Fv2%2Fmedia&parent=214731"}],"wp:term":[{"taxonomy":"category","embeddable":true,"href":"https:\/\/diariodominicano.com\/index.php?rest_route=%2Fwp%2Fv2%2Fcategories&post=214731"},{"taxonomy":"post_tag","embeddable":true,"href":"https:\/\/diariodominicano.com\/index.php?rest_route=%2Fwp%2Fv2%2Ftags&post=214731"}],"curies":[{"name":"wp","href":"https:\/\/api.w.org\/{rel}","templated":true}]}}