{"id":214728,"date":"2013-01-11T20:49:26","date_gmt":"2013-01-11T20:49:26","guid":{"rendered":"http:\/\/diariodominicano.ddns.net\/?p=214728"},"modified":"2013-01-11T20:49:26","modified_gmt":"2013-01-11T20:49:26","slug":"dominicana-y-haiti-firman-declaracion-deportiva-de-jimani","status":"publish","type":"post","link":"https:\/\/diariodominicano.com\/?p=214728","title":{"rendered":"Dominicana y Hait\u00ed firman \u00abDeclaraci\u00f3n Deportiva de Jimani\u00bb"},"content":{"rendered":"<p><body><\/p>\n<p><span class=\"text1noticias\">JIMANI, Provincia Independencia, RD, 11 de enero.- La Rep\u00fablica Dominicana y Hait\u00ed firmaron este viernes lo que han denominado como \u00abDeclaraci\u00f3n Deportiva de Jimani\u00bb, que tiene como prop\u00f3sito el desarrollo deportivo en la zona fronteriza binacional, contando con el apoyo t\u00e9cnicos del gobierno de Cuba.<\/span><\/p>\n<\/p>\n<p><span class=\"text1noticias\">El ministro de Deportes dominicano, doctor Jaime David Fern\u00e1ndez Mirabal; el ministro de la Juventud, Deportes y Acci\u00f3n C\u00edvica de Hait\u00ed, Jean Roosevelt Ren\u00e9; los presidentes de los comit\u00e9s ol\u00edmpicos de las dos naciones, licenciado Luis Mej\u00eda Oviedo y Jean Edouard Baker; y los embajadores de Cuba en Santo Domingo y Puerto Pr\u00edncipe, Alexis Ivandrich Vega y Ricardo Garc\u00eda, respectivamente, oficializaron el convenio.<\/span><\/p>\n<\/p>\n<p><span class=\"text1noticias\">La r\u00fabrica fue observada por el doctor Rub\u00e9n Silie, embajador dominicana en Hait\u00ed y Fritz Cineas, contraparte de Hait\u00ed en Santo Domingo.<\/span><\/p>\n<\/p>\n<p><span class=\"text1noticias\">\u00abEstamos d\u00e1ndole continuidad con acciones pr\u00e1cticas a todo al esfuerzo que los comit\u00e9s ol\u00edmpicos dominicano y haitiano, que con el apoyo de Cub, vienen haciendo, pero vamos a especializarlos en la Frontera, para que en el futuro las delegaciones nacionales de ambas naciones siempre tengan atletas de la Frontera\u00bb, dijo Fern\u00e1ndez Mirabal.<\/span><\/p>\n<\/p>\n<p><span class=\"text1noticias\">El documento establece reconocer el compromiso de ambos pa\u00edses en \u00abpromover, fomentar y desarrollar la pr\u00e1ctica deportiva bajo un modelo de integraci\u00f3n, dirigi\u00e9ndola de manera especial a las zonas fronterizas entre Rep\u00fablica Dominicana y Hait\u00ed, mediante la celebraci\u00f3n continua de los Juegos Binacionales de Confraternidad, con el objetivo de masificar el deporte y ampliar el esp\u00edritu de la solidaridad ol\u00edmpica\u00bb.<\/span><\/p>\n<\/p>\n<p><span class=\"text1noticias\">Jean Roosevelt Ren\u00e9, ministro de la Juventud y Deportes de Hait\u00ed, salud\u00f3 el acuerdo expresando que, una vez m\u00e1s la Rep\u00fablica Dominicana en el \u00e1mbito deportivo vuelve a tender su mano generosa para ayudar al desarrollo atl\u00e9tico de su pa\u00eds.<\/span><\/p>\n<\/p>\n<p><span class=\"text1noticias\">Resalt\u00f3 la presencia de los dignatarios diplom\u00e1ticos cubanos, a trav\u00e9s de los cuales, los hermanos pueblos dominicanos y haitianos podr\u00e1n tener un notable desarrollo en el aspecto t\u00e9cnico del deporte, en toda la zona de la frontera com\u00fan.<\/span><\/p>\n<\/p>\n<p><span class=\"text1noticias\">El embajador de Cuba acreditado en Santo Domingo, capital dominicana, Alexis Ivandrich Vega, asegur\u00f3 que su pa\u00eds prestar\u00e1 todo su empe\u00f1o para ayudar a los t\u00e9cnicos dominicanos y haitianos  y que en el futuro espera que esa ayuda se manifieste en las representaciones internacionales de ambos pa\u00edses.<\/span><\/p>\n<\/p>\n<p><span class=\"text1noticias\">Otro que resalt\u00f3 el acuerdo fue el embajador dominicano en Puerto Pr\u00edncipe, doctor Rub\u00e9n Sili\u00e9, indicando que el deporte se une a otras \u00e1reas que ya han establecido acuerdos de colaboraci\u00f3n e intercambios con Hait\u00ed.<\/span><\/p>\n<h6> 2013-01-11 20:49:26 <\/h6>\n<p><!--\n<link rel=\"stylesheet\" href=\"css\/bootstrap.min.css\">\n\n\n<ul class=\"pagination\">\n\t    \n\t\n\n<li >\n\t<a href='?page_no=21837'>Previous<\/a>\n\t<\/li>\n\n\n       \n    \n\n<li><a href='?page_no=1'>1<\/a><\/li>\n\n\n\n<li><a href='?page_no=2'>2<\/a><\/li>\n\n\n\n<li><a>...<\/a><\/li>\n\n\n\n<li><a href='?page_no=21836'>21836<\/a><\/li>\n\n\n\n<li><a href='?page_no=21837'>21837<\/a><\/li>\n\n\n\n<li class='active'><a>21838<\/a><\/li>\n\n\n\n<li><a href='?page_no=21839'>21839<\/a><\/li>\n\n\n\n<li><a href='?page_no=21840'>21840<\/a><\/li>\n\n\n\n<li><a>...<\/a><\/li>\n\n\n\n<li><a href='?page_no=36618'>36618<\/a><\/li>\n\n\n\n<li><a href='?page_no=36619'>36619<\/a><\/li>\n\n    \n\t\n\n<li >\n\t<a href='?page_no=21839'>Next<\/a>\n\t<\/li>\n\n\n    \n\n<li><a href='?page_no=36619'>Last &rsaquo;&rsaquo;<\/a><\/li>\n\n<\/ul>\n\n\n--><br \/>\n<\/body><\/p>\n","protected":false},"excerpt":{"rendered":"<p>JIMANI, Provincia Independencia, RD, 11 de enero.- La Rep\u00fablica Dominicana y Hait\u00ed firmaron este viernes lo que han denominado como \u00abDeclaraci\u00f3n Deportiva de Jimani\u00bb, que tiene como prop\u00f3sito el desarrollo deportivo en la zona fronteriza binacional, contando con el apoyo t\u00e9cnicos del gobierno de Cuba. El ministro de Deportes dominicano, doctor Jaime David Fern\u00e1ndez Mirabal; [&hellip;]<\/p>\n","protected":false},"author":3,"featured_media":0,"comment_status":"open","ping_status":"open","sticky":false,"template":"","format":"standard","meta":{"footnotes":""},"categories":[17],"tags":[],"class_list":["post-214728","post","type-post","status-publish","format-standard","hentry","category-deportes"],"_links":{"self":[{"href":"https:\/\/diariodominicano.com\/index.php?rest_route=\/wp\/v2\/posts\/214728","targetHints":{"allow":["GET"]}}],"collection":[{"href":"https:\/\/diariodominicano.com\/index.php?rest_route=\/wp\/v2\/posts"}],"about":[{"href":"https:\/\/diariodominicano.com\/index.php?rest_route=\/wp\/v2\/types\/post"}],"author":[{"embeddable":true,"href":"https:\/\/diariodominicano.com\/index.php?rest_route=\/wp\/v2\/users\/3"}],"replies":[{"embeddable":true,"href":"https:\/\/diariodominicano.com\/index.php?rest_route=%2Fwp%2Fv2%2Fcomments&post=214728"}],"version-history":[{"count":0,"href":"https:\/\/diariodominicano.com\/index.php?rest_route=\/wp\/v2\/posts\/214728\/revisions"}],"wp:attachment":[{"href":"https:\/\/diariodominicano.com\/index.php?rest_route=%2Fwp%2Fv2%2Fmedia&parent=214728"}],"wp:term":[{"taxonomy":"category","embeddable":true,"href":"https:\/\/diariodominicano.com\/index.php?rest_route=%2Fwp%2Fv2%2Fcategories&post=214728"},{"taxonomy":"post_tag","embeddable":true,"href":"https:\/\/diariodominicano.com\/index.php?rest_route=%2Fwp%2Fv2%2Ftags&post=214728"}],"curies":[{"name":"wp","href":"https:\/\/api.w.org\/{rel}","templated":true}]}}