{"id":214723,"date":"2013-01-13T12:54:53","date_gmt":"2013-01-13T12:54:53","guid":{"rendered":"http:\/\/diariodominicano.ddns.net\/?p=214723"},"modified":"2013-01-13T12:54:53","modified_gmt":"2013-01-13T12:54:53","slug":"segarelli-fernandez-gomez-y-abreu-a-semifinales-primer-nacional-juvenil-2013","status":"publish","type":"post","link":"https:\/\/diariodominicano.com\/?p=214723","title":{"rendered":"&#13;Segarelli, Fern\u00e1ndez, G\u00f3mez y Abr\u00e9u a semifinales Primer Nacional Juvenil 2013"},"content":{"rendered":"<p><body><\/p>\n<p><span class=\"text1noticias\">Rep. Dom. 13 de Enero.-Los tenistas juveniles Emilio Segarelli, Julio Fern\u00e1ndez, Mar\u00eda G\u00f3mez, Pen\u00e9lope Abr\u00e9u y M\u00f3nica Gonz\u00e1lez, avanzaron a las rondas semifinales en el marco del Primer Torneo Nacional Juvenil 2013, organizado por la Federaci\u00f3n Dominicana de Tenis en las canchas del Parque del Este.<\/span><\/p>\n<\/p>\n<p><span class=\"text1noticias\">Segarelli, de la Occidental Sport Academy (OSA) de Puerto Plata y patrocinado por las firmas Banco Leon, Occidentals Hotels y Resorts, Rio de la Plata y Babolat, tuvo que batallar duro para disponer de Jos\u00e9 Contreras, del Parque del Este, con parciales de 6-4, 2-6, 6-1 en la categor\u00eda de 18 anos.<\/span><\/p>\n<\/p>\n<p><span class=\"text1noticias\">De su lado, Fern\u00e1ndez, del Centro Espa\u00f1ol, de Santiago, dio cuenta de Jason Compres, del Parque Este con score de 6-1, 6-2.<\/span><\/p>\n<\/p>\n<p><span class=\"text1noticias\">Asimismo, Pen\u00e9lope Abr\u00e9u, del Parque del Este, super\u00f3 en los 14 femeninos a Laura Quezada, de<\/span><\/p>\n<\/p>\n<p><span class=\"text1noticias\">Pen\u00e9lope Abreu, del Parque del este, supero a Mar\u00eda Torreiro, del club Naco con parciales de 6-0, 6-0 en 16 anos, mientras que Mar\u00eda G\u00f3mez, de La Vega, derroto a Betzaida Garc\u00eda, 7-5, 6-3.<\/span><\/p>\n<\/p>\n<p><span class=\"text1noticias\">En otro partido de esa misma divisi\u00f3n, M\u00f3nica Gonz\u00e1lez dispuso de Alexa Briones con sets de 7-5, 6-2.<\/span><\/p>\n<\/p>\n<p><span class=\"text1noticias\">Las rondas semifinales, finales y la premiaci\u00f3n del evento se llevaran a cabo hoy.<\/span><\/p>\n<\/p>\n<p><span class=\"text1noticias\">Elecciones hoy<\/span><\/p>\n<\/p>\n<p><span class=\"text1noticias\">Por otro lado, la Federaci\u00f3n Dominicana de Tenis (Fedotenis) celebra este domingo 13 a las 11 AM su asamblea eleccionaria para escoger la nueva directiva para el periodo 2013-2017.<\/span><\/p>\n<\/p>\n<p><span class=\"text1noticias\">Para las elecciones de Fedotenis se presentaran dos planchas, \u00abRenovaci\u00f3n\u00bb, liderada por el actual presidente Persio Maldonado e Institucionalidad y Desarrollo\u00bb, encabezada por Edgar An\u00edbal Almonte.<\/span><\/p>\n<\/p>\n<p><span class=\"text1noticias\">La comisi\u00f3n electoral estar\u00e1 presidida por el doctor Jos\u00e9 Joaqu\u00edn Puello, Jos\u00e9 Luis Ram\u00edrez y Francisco P\u00e9rez Encarnaci\u00f3n.(HG)<\/span>.<\/p>\n<\/p>\n<h6> 2013-01-13 12:54:53 <\/h6>\n<p><!--\n<link rel=\"stylesheet\" href=\"css\/bootstrap.min.css\">\n\n\n<ul class=\"pagination\">\n\t    \n\t\n\n<li >\n\t<a href='?page_no=21832'>Previous<\/a>\n\t<\/li>\n\n\n       \n    \n\n<li><a href='?page_no=1'>1<\/a><\/li>\n\n\n\n<li><a href='?page_no=2'>2<\/a><\/li>\n\n\n\n<li><a>...<\/a><\/li>\n\n\n\n<li><a href='?page_no=21831'>21831<\/a><\/li>\n\n\n\n<li><a href='?page_no=21832'>21832<\/a><\/li>\n\n\n\n<li class='active'><a>21833<\/a><\/li>\n\n\n\n<li><a href='?page_no=21834'>21834<\/a><\/li>\n\n\n\n<li><a href='?page_no=21835'>21835<\/a><\/li>\n\n\n\n<li><a>...<\/a><\/li>\n\n\n\n<li><a href='?page_no=36618'>36618<\/a><\/li>\n\n\n\n<li><a href='?page_no=36619'>36619<\/a><\/li>\n\n    \n\t\n\n<li >\n\t<a href='?page_no=21834'>Next<\/a>\n\t<\/li>\n\n\n    \n\n<li><a href='?page_no=36619'>Last &rsaquo;&rsaquo;<\/a><\/li>\n\n<\/ul>\n\n\n--><br \/>\n<\/body><\/p>\n","protected":false},"excerpt":{"rendered":"<p>Rep. Dom. 13 de Enero.-Los tenistas juveniles Emilio Segarelli, Julio Fern\u00e1ndez, Mar\u00eda G\u00f3mez, Pen\u00e9lope Abr\u00e9u y M\u00f3nica Gonz\u00e1lez, avanzaron a las rondas semifinales en el marco del Primer Torneo Nacional Juvenil 2013, organizado por la Federaci\u00f3n Dominicana de Tenis en las canchas del Parque del Este. Segarelli, de la Occidental Sport Academy (OSA) de Puerto [&hellip;]<\/p>\n","protected":false},"author":3,"featured_media":0,"comment_status":"open","ping_status":"open","sticky":false,"template":"","format":"standard","meta":{"footnotes":""},"categories":[17],"tags":[],"class_list":["post-214723","post","type-post","status-publish","format-standard","hentry","category-deportes"],"_links":{"self":[{"href":"https:\/\/diariodominicano.com\/index.php?rest_route=\/wp\/v2\/posts\/214723","targetHints":{"allow":["GET"]}}],"collection":[{"href":"https:\/\/diariodominicano.com\/index.php?rest_route=\/wp\/v2\/posts"}],"about":[{"href":"https:\/\/diariodominicano.com\/index.php?rest_route=\/wp\/v2\/types\/post"}],"author":[{"embeddable":true,"href":"https:\/\/diariodominicano.com\/index.php?rest_route=\/wp\/v2\/users\/3"}],"replies":[{"embeddable":true,"href":"https:\/\/diariodominicano.com\/index.php?rest_route=%2Fwp%2Fv2%2Fcomments&post=214723"}],"version-history":[{"count":0,"href":"https:\/\/diariodominicano.com\/index.php?rest_route=\/wp\/v2\/posts\/214723\/revisions"}],"wp:attachment":[{"href":"https:\/\/diariodominicano.com\/index.php?rest_route=%2Fwp%2Fv2%2Fmedia&parent=214723"}],"wp:term":[{"taxonomy":"category","embeddable":true,"href":"https:\/\/diariodominicano.com\/index.php?rest_route=%2Fwp%2Fv2%2Fcategories&post=214723"},{"taxonomy":"post_tag","embeddable":true,"href":"https:\/\/diariodominicano.com\/index.php?rest_route=%2Fwp%2Fv2%2Ftags&post=214723"}],"curies":[{"name":"wp","href":"https:\/\/api.w.org\/{rel}","templated":true}]}}