{"id":214716,"date":"2013-01-13T19:35:53","date_gmt":"2013-01-13T19:35:53","guid":{"rendered":"http:\/\/diariodominicano.ddns.net\/?p=214716"},"modified":"2013-01-13T19:35:53","modified_gmt":"2013-01-13T19:35:53","slug":"ex-torpedero-tony-fernandez-dice-cometieron-una-ijnustiacia-con-sammy-sosa-y-su-entrada-a-cooperstown","status":"publish","type":"post","link":"https:\/\/diariodominicano.com\/?p=214716","title":{"rendered":"Ex torpedero Tony Fern\u00e1ndez dice \u00abcometieron una ijnustiacia con Sammy Sosa y su entrada a Cooperstown"},"content":{"rendered":"<p><body><\/p>\n<p> A juicio del ex campocorto \u00abTodos Estrellas\u00bb de las Grandes Ligas, Tony -Cabeza- Fern\u00e1ndez, lo sucedido en las pasadas votaciones de la Asociaci\u00f3n de Escritores de Norteam\u00e9rica con respecto al tambi\u00e9n dominicano Sammy Sosa y el Sal\u00f3n de la Fama de Cooperstown fue una injusticia.<\/p>\n<\/p>\n<p>\u00abEllos (escritores) tienen sus pol\u00edticas, las cuales respeto, no comparto la manera en que se hacen esas cosas. Con Sammy Sosa cometieron una injusticia, igual sucedi\u00f3 conmigo en el 2007\u00bb, manifest\u00f3 Fern\u00e1ndez, quien apenas recibi\u00f3 4 votos (0,7%) en el 2007, \u00fanico a\u00f1o en que apareci\u00f3 en las papeletas de votaci\u00f3n. Sosa recibi\u00f3 apenas 71 votos de un universo de 569 posibles, para un 12.5%.<\/p>\n<\/p>\n<p>En esa misma tesitura, Fern\u00e1ndez hizo un llamado a la prensa. \u00abLa prensa debe estar llamada a iniciar una revoluci\u00f3n tendente a cambiar el actual formato o esquema mediante el cual se seleccionan los jugadores para ser exaltados a Cooperstown e influenciar de manera positiva en favor de los peloteros latinos, que no hayan tantas injusticias\u00bb, sostuvo, al ser entrevistado en exclusiva para \u00abDeportes en la Z\u00bb.<\/p>\n<\/p>\n<p>Caso Licey<\/p>\n<\/p>\n<p>Ante la pregunta de la debacle experimentada por los Tigres del Licey, Fern\u00e1ndez signific\u00f3 que \u00abhay muchos cosas y cambios internos que deben hacerse, la espina dorsal del equipo debe fortalecerse, tenemos la calidad y el talento, pero hay que lograr la cohesi\u00f3n, la qu\u00edmica, hay que jugar en equipo, el dirigente debe tratar de que los jugadores se acoplen para que el equipo vuelva a ser lo que fue antes\u00bb, dijo.<\/p>\n<\/p>\n<p>Asimismo, Fern\u00e1ndez dej\u00f3 entrever que su rol este a\u00f1o con el Licey se circunscribi\u00f3 al de un consejero especial, un mentor, tanto en el terreno como en el plano espiritual.<\/p>\n<\/p>\n<p>\u00abFui una especie de consejero especial, un mentor en el terreno y en el plano espiritual, no obstante, quiero contribuir con el equipo en otros roles en donde pueda incidir y aportar de manera directa y llevar el equipo a otro nivel, pero no me visualizo como m\u00e1nager, m\u00e1s bien en la parte ejecutiva\u00bb, acot\u00f3.<\/p>\n<\/p>\n<p>El Sal\u00f3n de la Fama del B\u00e9isbol Latino<\/p>\n<\/p>\n<p>Al ser abordado con respecto a la importancia que reviste para \u00e9l el Sal\u00f3n de la Fama del B\u00e9isbol Latino, el otrora estelar campocorto dijo que \u00abPara mi tiene un gran significado, viene a hacer justicia con los peloteros latinos, a reivindicarlos, todo ser humano quiere ser reconocido y nosotros los peloteros no somos la excepci\u00f3n, yo felicito esta gran iniciativa del Sal\u00f3n de la Fama Latino\u00bb, indic\u00f3 el 5 veces miembro del equipo Todos Estrellas y el 4 veces ganador del Guante de Oro en Grandes Ligas.<\/p>\n<\/p>\n<\/p>\n<\/p>\n<\/p>\n<\/p>\n<\/p>\n<\/p>\n<h6> 2013-01-13 19:35:53 <\/h6>\n<p><!--\n<link rel=\"stylesheet\" href=\"css\/bootstrap.min.css\">\n\n\n<ul class=\"pagination\">\n\t    \n\t\n\n<li >\n\t<a href='?page_no=21825'>Previous<\/a>\n\t<\/li>\n\n\n       \n    \n\n<li><a href='?page_no=1'>1<\/a><\/li>\n\n\n\n<li><a href='?page_no=2'>2<\/a><\/li>\n\n\n\n<li><a>...<\/a><\/li>\n\n\n\n<li><a href='?page_no=21824'>21824<\/a><\/li>\n\n\n\n<li><a href='?page_no=21825'>21825<\/a><\/li>\n\n\n\n<li class='active'><a>21826<\/a><\/li>\n\n\n\n<li><a href='?page_no=21827'>21827<\/a><\/li>\n\n\n\n<li><a href='?page_no=21828'>21828<\/a><\/li>\n\n\n\n<li><a>...<\/a><\/li>\n\n\n\n<li><a href='?page_no=36618'>36618<\/a><\/li>\n\n\n\n<li><a href='?page_no=36619'>36619<\/a><\/li>\n\n    \n\t\n\n<li >\n\t<a href='?page_no=21827'>Next<\/a>\n\t<\/li>\n\n\n    \n\n<li><a href='?page_no=36619'>Last &rsaquo;&rsaquo;<\/a><\/li>\n\n<\/ul>\n\n\n--><br \/>\n<\/body><\/p>\n","protected":false},"excerpt":{"rendered":"<p>A juicio del ex campocorto \u00abTodos Estrellas\u00bb de las Grandes Ligas, Tony -Cabeza- Fern\u00e1ndez, lo sucedido en las pasadas votaciones de la Asociaci\u00f3n de Escritores de Norteam\u00e9rica con respecto al tambi\u00e9n dominicano Sammy Sosa y el Sal\u00f3n de la Fama de Cooperstown fue una injusticia. \u00abEllos (escritores) tienen sus pol\u00edticas, las cuales respeto, no comparto [&hellip;]<\/p>\n","protected":false},"author":3,"featured_media":0,"comment_status":"open","ping_status":"open","sticky":false,"template":"","format":"standard","meta":{"footnotes":""},"categories":[17],"tags":[],"class_list":["post-214716","post","type-post","status-publish","format-standard","hentry","category-deportes"],"_links":{"self":[{"href":"https:\/\/diariodominicano.com\/index.php?rest_route=\/wp\/v2\/posts\/214716","targetHints":{"allow":["GET"]}}],"collection":[{"href":"https:\/\/diariodominicano.com\/index.php?rest_route=\/wp\/v2\/posts"}],"about":[{"href":"https:\/\/diariodominicano.com\/index.php?rest_route=\/wp\/v2\/types\/post"}],"author":[{"embeddable":true,"href":"https:\/\/diariodominicano.com\/index.php?rest_route=\/wp\/v2\/users\/3"}],"replies":[{"embeddable":true,"href":"https:\/\/diariodominicano.com\/index.php?rest_route=%2Fwp%2Fv2%2Fcomments&post=214716"}],"version-history":[{"count":0,"href":"https:\/\/diariodominicano.com\/index.php?rest_route=\/wp\/v2\/posts\/214716\/revisions"}],"wp:attachment":[{"href":"https:\/\/diariodominicano.com\/index.php?rest_route=%2Fwp%2Fv2%2Fmedia&parent=214716"}],"wp:term":[{"taxonomy":"category","embeddable":true,"href":"https:\/\/diariodominicano.com\/index.php?rest_route=%2Fwp%2Fv2%2Fcategories&post=214716"},{"taxonomy":"post_tag","embeddable":true,"href":"https:\/\/diariodominicano.com\/index.php?rest_route=%2Fwp%2Fv2%2Ftags&post=214716"}],"curies":[{"name":"wp","href":"https:\/\/api.w.org\/{rel}","templated":true}]}}