{"id":214713,"date":"2013-01-14T14:12:02","date_gmt":"2013-01-14T14:12:02","guid":{"rendered":"http:\/\/diariodominicano.ddns.net\/?p=214713"},"modified":"2013-01-14T14:12:02","modified_gmt":"2013-01-14T14:12:02","slug":"albert-pujols-jugaria-con-el-equipo-rd-si-su-rodilla-operada-sigue-mejorando","status":"publish","type":"post","link":"https:\/\/diariodominicano.com\/?p=214713","title":{"rendered":"&#13;Albert Pujols jugar\u00eda con el equipo RD si su rodilla operada sigue mejorando"},"content":{"rendered":"<p><body><\/p>\n<p>Santo Domingo RD 14 enero.- El inicialista de los Angelinos tiene planeado representar a la Rep\u00fablica Dominicana en el torneo internacional si su rodilla operada se sigue sintiendo mejor, le inform\u00f3 a MLB.com su representante, Dan Lozano.<\/p>\n<\/p>\n<p>Pujols se someti\u00f3 a una cirug\u00eda artrosc\u00f3pica en la rodilla derecha a comienzos de la temporada muerta, y Lozano expres\u00f3 por medio de un e-mail que \u00abhasta ahora se encuentra bien\u00bb.<\/p>\n<\/p>\n<p>Al pregunt\u00e1rsele si Pujols jugar\u00eda por la selecci\u00f3n dominicana, si no existe un contratiempo, Lozano dijo: \u00abA estas alturas s\u00ed\u00bb.<\/p>\n<\/p>\n<p>Sin embargo, Pujols pondr\u00eda en prueba su rodilla en los entrenamientos de primavera y decidir\u00eda no jugar con su pa\u00eds si no se siente c\u00f3modo. Los jugadores de posici\u00f3n de los Angelinos tendr\u00e1n que presentarse a Tempe, Arizona el 14 de febrero y las selecciones del Cl\u00e1sico comenzar\u00e1n sus pr\u00e1cticas a comienzos de marzo.<\/p>\n<\/p>\n<p>Pujols, quien cumplir\u00e1 33 a\u00f1os el mi\u00e9rcoles, particip\u00f3 en el primer Cl\u00e1sico Mundial de B\u00e9isbol en el 2006, bateando .286 con un cuadrangular con el conjunto quisqueyano que perdi\u00f3 ante Cuba en las semifinales. En la versi\u00f3n del 2009 no jug\u00f3 debido a que la compa\u00f1\u00eda aseguradora del Cl\u00e1sico no quiso asegurar la participaci\u00f3n del toletero despu\u00e9s de que fue operado del codo.<\/p>\n<\/p>\n<p>Los rosters provisionales de las 16 selecciones ser\u00e1n anunciadas el jueves, y Pujols ser\u00eda el \u00fanico representante de los Angelinos.<\/p>\n<\/p>\n<\/p>\n<p>Por: H\u00e9ctor G\u00f3mez<\/p>\n<h6> 2013-01-14 14:12:02 <\/h6>\n<p><!--\n<link rel=\"stylesheet\" href=\"css\/bootstrap.min.css\">\n\n\n<ul class=\"pagination\">\n\t    \n\t\n\n<li >\n\t<a href='?page_no=21822'>Previous<\/a>\n\t<\/li>\n\n\n       \n    \n\n<li><a href='?page_no=1'>1<\/a><\/li>\n\n\n\n<li><a href='?page_no=2'>2<\/a><\/li>\n\n\n\n<li><a>...<\/a><\/li>\n\n\n\n<li><a href='?page_no=21821'>21821<\/a><\/li>\n\n\n\n<li><a href='?page_no=21822'>21822<\/a><\/li>\n\n\n\n<li class='active'><a>21823<\/a><\/li>\n\n\n\n<li><a href='?page_no=21824'>21824<\/a><\/li>\n\n\n\n<li><a href='?page_no=21825'>21825<\/a><\/li>\n\n\n\n<li><a>...<\/a><\/li>\n\n\n\n<li><a href='?page_no=36618'>36618<\/a><\/li>\n\n\n\n<li><a href='?page_no=36619'>36619<\/a><\/li>\n\n    \n\t\n\n<li >\n\t<a href='?page_no=21824'>Next<\/a>\n\t<\/li>\n\n\n    \n\n<li><a href='?page_no=36619'>Last &rsaquo;&rsaquo;<\/a><\/li>\n\n<\/ul>\n\n\n--><br \/>\n<\/body><\/p>\n","protected":false},"excerpt":{"rendered":"<p>Santo Domingo RD 14 enero.- El inicialista de los Angelinos tiene planeado representar a la Rep\u00fablica Dominicana en el torneo internacional si su rodilla operada se sigue sintiendo mejor, le inform\u00f3 a MLB.com su representante, Dan Lozano. Pujols se someti\u00f3 a una cirug\u00eda artrosc\u00f3pica en la rodilla derecha a comienzos de la temporada muerta, y [&hellip;]<\/p>\n","protected":false},"author":3,"featured_media":0,"comment_status":"open","ping_status":"open","sticky":false,"template":"","format":"standard","meta":{"footnotes":""},"categories":[17],"tags":[],"class_list":["post-214713","post","type-post","status-publish","format-standard","hentry","category-deportes"],"_links":{"self":[{"href":"https:\/\/diariodominicano.com\/index.php?rest_route=\/wp\/v2\/posts\/214713","targetHints":{"allow":["GET"]}}],"collection":[{"href":"https:\/\/diariodominicano.com\/index.php?rest_route=\/wp\/v2\/posts"}],"about":[{"href":"https:\/\/diariodominicano.com\/index.php?rest_route=\/wp\/v2\/types\/post"}],"author":[{"embeddable":true,"href":"https:\/\/diariodominicano.com\/index.php?rest_route=\/wp\/v2\/users\/3"}],"replies":[{"embeddable":true,"href":"https:\/\/diariodominicano.com\/index.php?rest_route=%2Fwp%2Fv2%2Fcomments&post=214713"}],"version-history":[{"count":0,"href":"https:\/\/diariodominicano.com\/index.php?rest_route=\/wp\/v2\/posts\/214713\/revisions"}],"wp:attachment":[{"href":"https:\/\/diariodominicano.com\/index.php?rest_route=%2Fwp%2Fv2%2Fmedia&parent=214713"}],"wp:term":[{"taxonomy":"category","embeddable":true,"href":"https:\/\/diariodominicano.com\/index.php?rest_route=%2Fwp%2Fv2%2Fcategories&post=214713"},{"taxonomy":"post_tag","embeddable":true,"href":"https:\/\/diariodominicano.com\/index.php?rest_route=%2Fwp%2Fv2%2Ftags&post=214713"}],"curies":[{"name":"wp","href":"https:\/\/api.w.org\/{rel}","templated":true}]}}