{"id":214711,"date":"2013-01-14T14:38:39","date_gmt":"2013-01-14T14:38:39","guid":{"rendered":"http:\/\/diariodominicano.ddns.net\/?p=214711"},"modified":"2013-01-14T14:38:39","modified_gmt":"2013-01-14T14:38:39","slug":"novak-djokovic-arranca-con-triunfo-en-el-abierto-australia","status":"publish","type":"post","link":"https:\/\/diariodominicano.com\/?p=214711","title":{"rendered":"Novak Djokovic arranca con triunfo en el Abierto Australia"},"content":{"rendered":"<p><body><\/p>\n<p>Melbourne, Australia 14 enero.- Novak Djokovic y el Abierto de Australia se volvieron a encontrar. All\u00ed donde el serbio gan\u00f3 por primera vez un Major (en 2008) y donde el \u00faltimo a\u00f1o protagoniz\u00f3 la final m\u00e1s larga de la historia de los torneos del Grand Slam ante el espa\u00f1ol Rafael Nadal, el N\u00b01 del mundo va por lo que nadie antes consigui\u00f3: tres t\u00edtulos consecutivos en Melbourne Park.<\/p>\n<\/p>\n<p>Djokovic comenz\u00f3 su camino con un contundente \u00e9xito frente al franc\u00e9s Paul-Henri Mathieu, hoy en el 58\u00b0 puesto de la clasificaci\u00f3n ATP, pero ex N\u00b012 del mundo. Fue victoria por 6-2, 6-4 y 7-5 con destellos de excelente tenis para agrado de todos los que fueron a ver al l\u00edder del ranking mundial.<\/p>\n<\/p>\n<p>Mathieu llegaba con buen ritmo, tras jugar tres partidos en la exhibici\u00f3n de Kooyong (aunque perdi\u00f3 dos de ellos), pero el serbio fue demasiado, forz\u00e1ndolo a realizar 32 errores no forzados, contra 15 del ganador, que adem\u00e1s conect\u00f3 31 tiros ganadores, a diferencia del galo que sum\u00f3 27.<\/p>\n<\/p>\n<\/p>\n<h6> 2013-01-14 14:38:39 <\/h6>\n<p><!--\n<link rel=\"stylesheet\" href=\"css\/bootstrap.min.css\">\n\n\n<ul class=\"pagination\">\n\t    \n\t\n\n<li >\n\t<a href='?page_no=21820'>Previous<\/a>\n\t<\/li>\n\n\n       \n    \n\n<li><a href='?page_no=1'>1<\/a><\/li>\n\n\n\n<li><a href='?page_no=2'>2<\/a><\/li>\n\n\n\n<li><a>...<\/a><\/li>\n\n\n\n<li><a href='?page_no=21819'>21819<\/a><\/li>\n\n\n\n<li><a href='?page_no=21820'>21820<\/a><\/li>\n\n\n\n<li class='active'><a>21821<\/a><\/li>\n\n\n\n<li><a href='?page_no=21822'>21822<\/a><\/li>\n\n\n\n<li><a href='?page_no=21823'>21823<\/a><\/li>\n\n\n\n<li><a>...<\/a><\/li>\n\n\n\n<li><a href='?page_no=36618'>36618<\/a><\/li>\n\n\n\n<li><a href='?page_no=36619'>36619<\/a><\/li>\n\n    \n\t\n\n<li >\n\t<a href='?page_no=21822'>Next<\/a>\n\t<\/li>\n\n\n    \n\n<li><a href='?page_no=36619'>Last &rsaquo;&rsaquo;<\/a><\/li>\n\n<\/ul>\n\n\n--><br \/>\n<\/body><\/p>\n","protected":false},"excerpt":{"rendered":"<p>Melbourne, Australia 14 enero.- Novak Djokovic y el Abierto de Australia se volvieron a encontrar. All\u00ed donde el serbio gan\u00f3 por primera vez un Major (en 2008) y donde el \u00faltimo a\u00f1o protagoniz\u00f3 la final m\u00e1s larga de la historia de los torneos del Grand Slam ante el espa\u00f1ol Rafael Nadal, el N\u00b01 del mundo [&hellip;]<\/p>\n","protected":false},"author":3,"featured_media":0,"comment_status":"open","ping_status":"open","sticky":false,"template":"","format":"standard","meta":{"footnotes":""},"categories":[17],"tags":[],"class_list":["post-214711","post","type-post","status-publish","format-standard","hentry","category-deportes"],"_links":{"self":[{"href":"https:\/\/diariodominicano.com\/index.php?rest_route=\/wp\/v2\/posts\/214711","targetHints":{"allow":["GET"]}}],"collection":[{"href":"https:\/\/diariodominicano.com\/index.php?rest_route=\/wp\/v2\/posts"}],"about":[{"href":"https:\/\/diariodominicano.com\/index.php?rest_route=\/wp\/v2\/types\/post"}],"author":[{"embeddable":true,"href":"https:\/\/diariodominicano.com\/index.php?rest_route=\/wp\/v2\/users\/3"}],"replies":[{"embeddable":true,"href":"https:\/\/diariodominicano.com\/index.php?rest_route=%2Fwp%2Fv2%2Fcomments&post=214711"}],"version-history":[{"count":0,"href":"https:\/\/diariodominicano.com\/index.php?rest_route=\/wp\/v2\/posts\/214711\/revisions"}],"wp:attachment":[{"href":"https:\/\/diariodominicano.com\/index.php?rest_route=%2Fwp%2Fv2%2Fmedia&parent=214711"}],"wp:term":[{"taxonomy":"category","embeddable":true,"href":"https:\/\/diariodominicano.com\/index.php?rest_route=%2Fwp%2Fv2%2Fcategories&post=214711"},{"taxonomy":"post_tag","embeddable":true,"href":"https:\/\/diariodominicano.com\/index.php?rest_route=%2Fwp%2Fv2%2Ftags&post=214711"}],"curies":[{"name":"wp","href":"https:\/\/api.w.org\/{rel}","templated":true}]}}