{"id":214705,"date":"2013-01-15T13:43:58","date_gmt":"2013-01-15T13:43:58","guid":{"rendered":"http:\/\/diariodominicano.ddns.net\/?p=214705"},"modified":"2013-01-15T13:43:58","modified_gmt":"2013-01-15T13:43:58","slug":"fundacion-temistocles-metz-dona-utilerias-deportivas-a-jovenes-del-refor","status":"publish","type":"post","link":"https:\/\/diariodominicano.com\/?p=214705","title":{"rendered":"Fundaci\u00f3n Temistocles Metz dona utiler\u00edas deportivas a j\u00f3venes del Refor"},"content":{"rendered":"<p><body><\/p>\n<p><span class=\"text1noticias\">Rep. Dom. 15 de Enero.-La Fundaci\u00f3n Temistocles Metz hizo  entrega de utilerias deportivas a los directivos y jovenes del Instituto Preparatorio de Menores en conflicto con la ley (REFOR) en esta ciudad de San Crist\u00f3bal.<\/span><\/p>\n<\/p>\n<p><span class=\"text1noticias\">El joven Benny Metz expres\u00f3 que ese aporte se inscribe en un vasto programa de actividades que lleva a cabo la fundaci\u00f3n que lleva el nombre de su padre el periodista Temistocles M\u00e9tz.<\/span><\/p>\n<\/p>\n<p><span class=\"text1noticias\">Agreg\u00f3 que decidieron conformar una entidad sin fines de lucros para mantener vivo el nombre del ex-ministro de Deportes y connotado comunicador social de esta comunidad y de contribuir con el desarrollo de este pueblo que tanto am\u00f3.<\/span><\/p>\n<\/p>\n<p><span class=\"text1noticias\">Exhort\u00f3 a los ni\u00f1os,ni\u00f1as,adolescentes y j\u00f3venes a seguir estudiando y haciendo deportes a los fines de contribuir con el engrandecimiento de la patria.<\/span><\/p>\n<\/p>\n<p><span class=\"text1noticias\">Recientemente el la Fundaci\u00f3n Tem\u00edstocles Metz realiz\u00f3 donaci\u00f3n de sillas de rueda y de equipos al Hospital Juan Pablo Pina de aqu\u00ed.(HG)<\/span>.<\/p>\n<h6> 2013-01-15 13:43:58 <\/h6>\n<p><!--\n<link rel=\"stylesheet\" href=\"css\/bootstrap.min.css\">\n\n\n<ul class=\"pagination\">\n\t    \n\t\n\n<li >\n\t<a href='?page_no=21814'>Previous<\/a>\n\t<\/li>\n\n\n       \n    \n\n<li><a href='?page_no=1'>1<\/a><\/li>\n\n\n\n<li><a href='?page_no=2'>2<\/a><\/li>\n\n\n\n<li><a>...<\/a><\/li>\n\n\n\n<li><a href='?page_no=21813'>21813<\/a><\/li>\n\n\n\n<li><a href='?page_no=21814'>21814<\/a><\/li>\n\n\n\n<li class='active'><a>21815<\/a><\/li>\n\n\n\n<li><a href='?page_no=21816'>21816<\/a><\/li>\n\n\n\n<li><a href='?page_no=21817'>21817<\/a><\/li>\n\n\n\n<li><a>...<\/a><\/li>\n\n\n\n<li><a href='?page_no=36618'>36618<\/a><\/li>\n\n\n\n<li><a href='?page_no=36619'>36619<\/a><\/li>\n\n    \n\t\n\n<li >\n\t<a href='?page_no=21816'>Next<\/a>\n\t<\/li>\n\n\n    \n\n<li><a href='?page_no=36619'>Last &rsaquo;&rsaquo;<\/a><\/li>\n\n<\/ul>\n\n\n--><br \/>\n<\/body><\/p>\n","protected":false},"excerpt":{"rendered":"<p>Rep. Dom. 15 de Enero.-La Fundaci\u00f3n Temistocles Metz hizo entrega de utilerias deportivas a los directivos y jovenes del Instituto Preparatorio de Menores en conflicto con la ley (REFOR) en esta ciudad de San Crist\u00f3bal. El joven Benny Metz expres\u00f3 que ese aporte se inscribe en un vasto programa de actividades que lleva a cabo [&hellip;]<\/p>\n","protected":false},"author":3,"featured_media":0,"comment_status":"open","ping_status":"open","sticky":false,"template":"","format":"standard","meta":{"footnotes":""},"categories":[17],"tags":[],"class_list":["post-214705","post","type-post","status-publish","format-standard","hentry","category-deportes"],"_links":{"self":[{"href":"https:\/\/diariodominicano.com\/index.php?rest_route=\/wp\/v2\/posts\/214705","targetHints":{"allow":["GET"]}}],"collection":[{"href":"https:\/\/diariodominicano.com\/index.php?rest_route=\/wp\/v2\/posts"}],"about":[{"href":"https:\/\/diariodominicano.com\/index.php?rest_route=\/wp\/v2\/types\/post"}],"author":[{"embeddable":true,"href":"https:\/\/diariodominicano.com\/index.php?rest_route=\/wp\/v2\/users\/3"}],"replies":[{"embeddable":true,"href":"https:\/\/diariodominicano.com\/index.php?rest_route=%2Fwp%2Fv2%2Fcomments&post=214705"}],"version-history":[{"count":0,"href":"https:\/\/diariodominicano.com\/index.php?rest_route=\/wp\/v2\/posts\/214705\/revisions"}],"wp:attachment":[{"href":"https:\/\/diariodominicano.com\/index.php?rest_route=%2Fwp%2Fv2%2Fmedia&parent=214705"}],"wp:term":[{"taxonomy":"category","embeddable":true,"href":"https:\/\/diariodominicano.com\/index.php?rest_route=%2Fwp%2Fv2%2Fcategories&post=214705"},{"taxonomy":"post_tag","embeddable":true,"href":"https:\/\/diariodominicano.com\/index.php?rest_route=%2Fwp%2Fv2%2Ftags&post=214705"}],"curies":[{"name":"wp","href":"https:\/\/api.w.org\/{rel}","templated":true}]}}