{"id":214700,"date":"2013-01-15T17:42:16","date_gmt":"2013-01-15T17:42:16","guid":{"rendered":"http:\/\/diariodominicano.ddns.net\/?p=214700"},"modified":"2013-01-15T17:42:16","modified_gmt":"2013-01-15T17:42:16","slug":"fedombal-ayudara-atletas-olimpiadas-especiales","status":"publish","type":"post","link":"https:\/\/diariodominicano.com\/?p=214700","title":{"rendered":"Fedombal ayudar\u00e1 atletas olimpiadas especiales"},"content":{"rendered":"<p><body><\/p>\n<p><span class=\"text1noticias\">Rep. Dom. 15 de Enero.-La Federaci\u00f3n Dominicana de Baloncesto (Fedombal) anunci\u00f3 este martes que apoyar\u00e1 en todos los \u00e1mbitos a los atletas que practican la disciplina en condici\u00f3n de atletas especiales, en un acto efectuado en el sal\u00f3n Faisal Abel, de la Asociaci\u00f3n del Distrito Nacional, en el Palacio de los Deportes Virgilio Travieso.<\/span><\/p>\n<\/p>\n<p><span class=\"text1noticias\">El anuncio fue hecho de manera conjunta por el ingeniero Rafael Uribe y el doctor Federico Godoy, presidentes de la Fedombal y de las Olimpiadas Especiales, respectivamente.<\/span><\/p>\n<\/p>\n<p><span class=\"text1noticias\">Ambos estuvieron acompa\u00f1ados de Jos\u00e9 Luis Suero (Chiguete) y Katty Nicasio, directores de las Olimpiadas Especiales, Saturnino Mart\u00ednez, presidente del club Mauricio B\u00e1ez y vocal de Fedombal y Manuel Matos.<\/span><\/p>\n<\/p>\n<p><span class=\"text1noticias\">Uribe y Godoy informaron que firmaron un acuerdo de cooperaci\u00f3n donde el primero en su condici\u00f3n de m\u00e1ximo dirigente del baloncesto nacional proveer\u00e1 de todas las herramientas necesarias para desarrollar, capacitar, fomentar y preparar a los atletas especiales que practican el baloncesto.<\/span><\/p>\n<\/p>\n<p><span class=\"text1noticias\">Uribe se\u00f1al\u00f3 que \u00abse har\u00e1n cl\u00ednicas de capacitaci\u00f3n para los basquetbolistas especiales a cargo de jugadores de la selecci\u00f3n nacional dominicana, entrenadores nacionales de altos niveles y de los \u00e1rbitros nacionales e internacionales del pa\u00eds\u00bb.<\/span><\/p>\n<\/p>\n<p><span class=\"text1noticias\">\u00abBuscamos expandir el baloncesto en todos los niveles y modalidades en el territorio nacional\u00bb, exclam\u00f3 el dirigente federado.<\/span><\/p>\n<\/p>\n<p><span class=\"text1noticias\">Sostuvo que \u00abapoyaremos a los atletas especiales, le daremos la mano amiga en todos los aspectos\u00bb.<\/span><\/p>\n<p><span class=\"text1noticias\">Resalt\u00f3 que \u00abeste es el nuevo rostro humano de la Fedombal, donde contribuir con todas las modalidades del baloncesto es prioridad 1-A y que las puertas est\u00e1n abiertas a las personas que deseen unirse y aportar su grano de arena\u00bb.<\/span><\/p>\n<\/p>\n<p><span class=\"text1noticias\">De su lado, Godoy expres\u00f3 que \u00abnuestros atletas son especiales y ganadores, ya que cada vez que salimos a un evento internacional vinimos m\u00ednimos con cuatro medallas de oro\u00bb.<\/span><\/p>\n<\/p>\n<p><span class=\"text1noticias\">Por su parte, Suero le dio las gracias a la Fedombal por garantizar la estabilidad de los atletas especiales de la disciplina de baloncesto\u00bb.<\/span><\/p>\n<\/p>\n<p><span class=\"text1noticias\">Y el atleta Jefferson S\u00e1nchez dio las palabras de agradecimiento de parte de los deportistas de baloncesto en condici\u00f3n especial.(HG)<\/span>.<\/p>\n<\/p>\n<h6> 2013-01-15 17:42:16 <\/h6>\n<p><!--\n<link rel=\"stylesheet\" href=\"css\/bootstrap.min.css\">\n\n\n<ul class=\"pagination\">\n\t    \n\t\n\n<li >\n\t<a href='?page_no=21809'>Previous<\/a>\n\t<\/li>\n\n\n       \n    \n\n<li><a href='?page_no=1'>1<\/a><\/li>\n\n\n\n<li><a href='?page_no=2'>2<\/a><\/li>\n\n\n\n<li><a>...<\/a><\/li>\n\n\n\n<li><a href='?page_no=21808'>21808<\/a><\/li>\n\n\n\n<li><a href='?page_no=21809'>21809<\/a><\/li>\n\n\n\n<li class='active'><a>21810<\/a><\/li>\n\n\n\n<li><a href='?page_no=21811'>21811<\/a><\/li>\n\n\n\n<li><a href='?page_no=21812'>21812<\/a><\/li>\n\n\n\n<li><a>...<\/a><\/li>\n\n\n\n<li><a href='?page_no=36618'>36618<\/a><\/li>\n\n\n\n<li><a href='?page_no=36619'>36619<\/a><\/li>\n\n    \n\t\n\n<li >\n\t<a href='?page_no=21811'>Next<\/a>\n\t<\/li>\n\n\n    \n\n<li><a href='?page_no=36619'>Last &rsaquo;&rsaquo;<\/a><\/li>\n\n<\/ul>\n\n\n--><br \/>\n<\/body><\/p>\n","protected":false},"excerpt":{"rendered":"<p>Rep. Dom. 15 de Enero.-La Federaci\u00f3n Dominicana de Baloncesto (Fedombal) anunci\u00f3 este martes que apoyar\u00e1 en todos los \u00e1mbitos a los atletas que practican la disciplina en condici\u00f3n de atletas especiales, en un acto efectuado en el sal\u00f3n Faisal Abel, de la Asociaci\u00f3n del Distrito Nacional, en el Palacio de los Deportes Virgilio Travieso. El [&hellip;]<\/p>\n","protected":false},"author":3,"featured_media":0,"comment_status":"open","ping_status":"open","sticky":false,"template":"","format":"standard","meta":{"footnotes":""},"categories":[17],"tags":[],"class_list":["post-214700","post","type-post","status-publish","format-standard","hentry","category-deportes"],"_links":{"self":[{"href":"https:\/\/diariodominicano.com\/index.php?rest_route=\/wp\/v2\/posts\/214700","targetHints":{"allow":["GET"]}}],"collection":[{"href":"https:\/\/diariodominicano.com\/index.php?rest_route=\/wp\/v2\/posts"}],"about":[{"href":"https:\/\/diariodominicano.com\/index.php?rest_route=\/wp\/v2\/types\/post"}],"author":[{"embeddable":true,"href":"https:\/\/diariodominicano.com\/index.php?rest_route=\/wp\/v2\/users\/3"}],"replies":[{"embeddable":true,"href":"https:\/\/diariodominicano.com\/index.php?rest_route=%2Fwp%2Fv2%2Fcomments&post=214700"}],"version-history":[{"count":0,"href":"https:\/\/diariodominicano.com\/index.php?rest_route=\/wp\/v2\/posts\/214700\/revisions"}],"wp:attachment":[{"href":"https:\/\/diariodominicano.com\/index.php?rest_route=%2Fwp%2Fv2%2Fmedia&parent=214700"}],"wp:term":[{"taxonomy":"category","embeddable":true,"href":"https:\/\/diariodominicano.com\/index.php?rest_route=%2Fwp%2Fv2%2Fcategories&post=214700"},{"taxonomy":"post_tag","embeddable":true,"href":"https:\/\/diariodominicano.com\/index.php?rest_route=%2Fwp%2Fv2%2Ftags&post=214700"}],"curies":[{"name":"wp","href":"https:\/\/api.w.org\/{rel}","templated":true}]}}