{"id":214683,"date":"2013-01-17T16:20:29","date_gmt":"2013-01-17T16:20:29","guid":{"rendered":"http:\/\/diariodominicano.ddns.net\/?p=214683"},"modified":"2013-01-17T16:20:29","modified_gmt":"2013-01-17T16:20:29","slug":"muere-atleta-olimpico-mexicano-herido-durante-un-tiroteo-en-un-bar","status":"publish","type":"post","link":"https:\/\/diariodominicano.com\/?p=214683","title":{"rendered":"Muere atleta ol\u00edmpico mexicano herido durante un tiroteo en un bar"},"content":{"rendered":"<p><body><\/p>\n<p>Muere atleta ol\u00edmpico mexicano herido durante un tiroteo en un bar<\/p>\n<\/p>\n<\/p>\n<\/p>\n<\/p>\n<p>No\u00e9 Hern\u00e1ndez, ganador de medalla de plata en Sydney 2000, recibi\u00f3 un disparo en la cabeza dos semanas atr\u00e1s.<\/p>\n<\/p>\n<p>El atleta mexicano No\u00e9 Hern\u00e1ndez, ganador de una medalla de plata en los Juegos Ol\u00edmpicos de Sydney 2000, muri\u00f3 dos semanas despu\u00e9s de recibir un disparo en la cabeza en un bar.<\/p>\n<\/p>\n<p>Hern\u00e1ndez, quien ocup\u00f3 el segundo lugar en la caminata de 20 kil\u00f3metros, al parecer muri\u00f3 de camino al hospital, despu\u00e9s de sufrir un ataque al coraz\u00f3n en su casa.<\/p>\n<\/p>\n<p>El atleta de 34 a\u00f1os de edad, recibi\u00f3 un disparo por accidente el 30 de diciembre en un bar cerca de Ciudad de M\u00e9xico cuando estall\u00f3 una trifulca en una mesa cercana y un hombre abri\u00f3 fuego.<\/p>\n<\/p>\n<p>Hern\u00e1ndez perdi\u00f3 el ojo izquierdo y sufri\u00f3 da\u00f1o cerebral, otras dos personas murieron en el acto. Nadie ha sido arrestado en conexi\u00f3n con el hecho.<\/p>\n<h6> 2013-01-17 16:20:29 <\/h6>\n<p><!--\n<link rel=\"stylesheet\" href=\"css\/bootstrap.min.css\">\n\n\n<ul class=\"pagination\">\n\t    \n\t\n\n<li >\n\t<a href='?page_no=21792'>Previous<\/a>\n\t<\/li>\n\n\n       \n    \n\n<li><a href='?page_no=1'>1<\/a><\/li>\n\n\n\n<li><a href='?page_no=2'>2<\/a><\/li>\n\n\n\n<li><a>...<\/a><\/li>\n\n\n\n<li><a href='?page_no=21791'>21791<\/a><\/li>\n\n\n\n<li><a href='?page_no=21792'>21792<\/a><\/li>\n\n\n\n<li class='active'><a>21793<\/a><\/li>\n\n\n\n<li><a href='?page_no=21794'>21794<\/a><\/li>\n\n\n\n<li><a href='?page_no=21795'>21795<\/a><\/li>\n\n\n\n<li><a>...<\/a><\/li>\n\n\n\n<li><a href='?page_no=36618'>36618<\/a><\/li>\n\n\n\n<li><a href='?page_no=36619'>36619<\/a><\/li>\n\n    \n\t\n\n<li >\n\t<a href='?page_no=21794'>Next<\/a>\n\t<\/li>\n\n\n    \n\n<li><a href='?page_no=36619'>Last &rsaquo;&rsaquo;<\/a><\/li>\n\n<\/ul>\n\n\n--><br \/>\n<\/body><\/p>\n","protected":false},"excerpt":{"rendered":"<p>Muere atleta ol\u00edmpico mexicano herido durante un tiroteo en un bar No\u00e9 Hern\u00e1ndez, ganador de medalla de plata en Sydney 2000, recibi\u00f3 un disparo en la cabeza dos semanas atr\u00e1s. El atleta mexicano No\u00e9 Hern\u00e1ndez, ganador de una medalla de plata en los Juegos Ol\u00edmpicos de Sydney 2000, muri\u00f3 dos semanas despu\u00e9s de recibir un [&hellip;]<\/p>\n","protected":false},"author":3,"featured_media":0,"comment_status":"open","ping_status":"open","sticky":false,"template":"","format":"standard","meta":{"footnotes":""},"categories":[17],"tags":[],"class_list":["post-214683","post","type-post","status-publish","format-standard","hentry","category-deportes"],"_links":{"self":[{"href":"https:\/\/diariodominicano.com\/index.php?rest_route=\/wp\/v2\/posts\/214683","targetHints":{"allow":["GET"]}}],"collection":[{"href":"https:\/\/diariodominicano.com\/index.php?rest_route=\/wp\/v2\/posts"}],"about":[{"href":"https:\/\/diariodominicano.com\/index.php?rest_route=\/wp\/v2\/types\/post"}],"author":[{"embeddable":true,"href":"https:\/\/diariodominicano.com\/index.php?rest_route=\/wp\/v2\/users\/3"}],"replies":[{"embeddable":true,"href":"https:\/\/diariodominicano.com\/index.php?rest_route=%2Fwp%2Fv2%2Fcomments&post=214683"}],"version-history":[{"count":0,"href":"https:\/\/diariodominicano.com\/index.php?rest_route=\/wp\/v2\/posts\/214683\/revisions"}],"wp:attachment":[{"href":"https:\/\/diariodominicano.com\/index.php?rest_route=%2Fwp%2Fv2%2Fmedia&parent=214683"}],"wp:term":[{"taxonomy":"category","embeddable":true,"href":"https:\/\/diariodominicano.com\/index.php?rest_route=%2Fwp%2Fv2%2Fcategories&post=214683"},{"taxonomy":"post_tag","embeddable":true,"href":"https:\/\/diariodominicano.com\/index.php?rest_route=%2Fwp%2Fv2%2Ftags&post=214683"}],"curies":[{"name":"wp","href":"https:\/\/api.w.org\/{rel}","templated":true}]}}