{"id":214677,"date":"2013-01-17T22:51:19","date_gmt":"2013-01-17T22:51:19","guid":{"rendered":"http:\/\/diariodominicano.ddns.net\/?p=214677"},"modified":"2013-01-17T22:51:19","modified_gmt":"2013-01-17T22:51:19","slug":"evelyn-gomez-asume-direccion-asociacion-de-tae-kwon-do-de-puerto-plata","status":"publish","type":"post","link":"https:\/\/diariodominicano.com\/?p=214677","title":{"rendered":"Evelyn G\u00f3mez asume direcci\u00f3n Asociaci\u00f3n de Tae Kwon Do de Puerto Plata&#13;"},"content":{"rendered":"<p><body><\/p>\n<p><span class=\"text1noticias\">Rep. Dom. 17 de Enero.-Con la asistencia del presidente y secretario general de la (Fenatae), el instructor cita negra Ignacio Silverio, juramento la nueva directiva de la asociaci\u00f3n de Tae Kwon Do de esta provincia, encabezada por la joven deportista Evelyn G\u00f3mez, acto que se llevo a cabo  en el club deportivo Hugo Kunhardt.<\/span><\/p>\n<\/p>\n<p><span class=\"text1noticias\">Los maestros Rolando Ure\u00f1a y Dagoberto Lockward presidente y secretario general, de la Federaci\u00f3n Nacional de Tae Kwon Do, adem\u00e1s de G\u00f3mez conforman la directiva Nelson Garc\u00eda como vice, Ronald Arias secretario de organizaci\u00f3n, Robil Partt secretario, Johanna Morales tesorera, siendo los vocales Julio Almonte y Juan Carlos Joseph.<\/span><\/p>\n<\/p>\n<p><span class=\"text1noticias\">La joven deportista G\u00f3mez actualmente dirige  academia de Tae Kwon Do I T F Master, que esta ubicado en la misma instalaciones del Kunhardt, fue muy notoria la asistencia del director provincial de deporte licenciado Neftal\u00ed Lamouth, asi como el cronista deportivo Jos\u00e9 Esca\u00f1o, Felo Mart\u00ednez, miembros de la asociaci\u00f3n juramentada, invitados especiales entre otros.(HG)<\/span>.<\/p>\n<h6> 2013-01-17 22:51:19 <\/h6>\n<p><!--\n<link rel=\"stylesheet\" href=\"css\/bootstrap.min.css\">\n\n\n<ul class=\"pagination\">\n\t    \n\t\n\n<li >\n\t<a href='?page_no=21786'>Previous<\/a>\n\t<\/li>\n\n\n       \n    \n\n<li><a href='?page_no=1'>1<\/a><\/li>\n\n\n\n<li><a href='?page_no=2'>2<\/a><\/li>\n\n\n\n<li><a>...<\/a><\/li>\n\n\n\n<li><a href='?page_no=21785'>21785<\/a><\/li>\n\n\n\n<li><a href='?page_no=21786'>21786<\/a><\/li>\n\n\n\n<li class='active'><a>21787<\/a><\/li>\n\n\n\n<li><a href='?page_no=21788'>21788<\/a><\/li>\n\n\n\n<li><a href='?page_no=21789'>21789<\/a><\/li>\n\n\n\n<li><a>...<\/a><\/li>\n\n\n\n<li><a href='?page_no=36618'>36618<\/a><\/li>\n\n\n\n<li><a href='?page_no=36619'>36619<\/a><\/li>\n\n    \n\t\n\n<li >\n\t<a href='?page_no=21788'>Next<\/a>\n\t<\/li>\n\n\n    \n\n<li><a href='?page_no=36619'>Last &rsaquo;&rsaquo;<\/a><\/li>\n\n<\/ul>\n\n\n--><br \/>\n<\/body><\/p>\n","protected":false},"excerpt":{"rendered":"<p>Rep. Dom. 17 de Enero.-Con la asistencia del presidente y secretario general de la (Fenatae), el instructor cita negra Ignacio Silverio, juramento la nueva directiva de la asociaci\u00f3n de Tae Kwon Do de esta provincia, encabezada por la joven deportista Evelyn G\u00f3mez, acto que se llevo a cabo en el club deportivo Hugo Kunhardt. Los [&hellip;]<\/p>\n","protected":false},"author":3,"featured_media":0,"comment_status":"open","ping_status":"open","sticky":false,"template":"","format":"standard","meta":{"footnotes":""},"categories":[17],"tags":[],"class_list":["post-214677","post","type-post","status-publish","format-standard","hentry","category-deportes"],"_links":{"self":[{"href":"https:\/\/diariodominicano.com\/index.php?rest_route=\/wp\/v2\/posts\/214677","targetHints":{"allow":["GET"]}}],"collection":[{"href":"https:\/\/diariodominicano.com\/index.php?rest_route=\/wp\/v2\/posts"}],"about":[{"href":"https:\/\/diariodominicano.com\/index.php?rest_route=\/wp\/v2\/types\/post"}],"author":[{"embeddable":true,"href":"https:\/\/diariodominicano.com\/index.php?rest_route=\/wp\/v2\/users\/3"}],"replies":[{"embeddable":true,"href":"https:\/\/diariodominicano.com\/index.php?rest_route=%2Fwp%2Fv2%2Fcomments&post=214677"}],"version-history":[{"count":0,"href":"https:\/\/diariodominicano.com\/index.php?rest_route=\/wp\/v2\/posts\/214677\/revisions"}],"wp:attachment":[{"href":"https:\/\/diariodominicano.com\/index.php?rest_route=%2Fwp%2Fv2%2Fmedia&parent=214677"}],"wp:term":[{"taxonomy":"category","embeddable":true,"href":"https:\/\/diariodominicano.com\/index.php?rest_route=%2Fwp%2Fv2%2Fcategories&post=214677"},{"taxonomy":"post_tag","embeddable":true,"href":"https:\/\/diariodominicano.com\/index.php?rest_route=%2Fwp%2Fv2%2Ftags&post=214677"}],"curies":[{"name":"wp","href":"https:\/\/api.w.org\/{rel}","templated":true}]}}