{"id":214673,"date":"2013-01-18T14:56:49","date_gmt":"2013-01-18T14:56:49","guid":{"rendered":"http:\/\/diariodominicano.ddns.net\/?p=214673"},"modified":"2013-01-18T14:56:49","modified_gmt":"2013-01-18T14:56:49","slug":"joan-guzman-se-resiste-a-dejar-el-cuadrilatero-volvera-a-pelear-en-mayo","status":"publish","type":"post","link":"https:\/\/diariodominicano.com\/?p=214673","title":{"rendered":"&#13;Joan Guzm\u00e1n se resiste a dejar el cuadril\u00e1tero; volver\u00e1 a pelear en mayo"},"content":{"rendered":"<p><body><\/p>\n<p>Santo Domingo RD 18 enero.- El boxeador dominicano Joan Guzm\u00e1n, exdoble campe\u00f3n mundial, revel\u00f3 -en exclusiva para elCaribe-, que no piensa en el retiro, pese a su amarga derrota ante el ruso Khabib Allakhverdiev sufrida el pasado 30 de noviembre y que fren\u00f3 su aspiraci\u00f3n de adue\u00f1arse del t\u00edtulo welter junior de la AMB. Guzm\u00e1n, quien adem\u00e1s perdi\u00f3 su invicto en 35 combates profesionales, revel\u00f3, asimismo, que hace tres semanas fue intervenido quir\u00fargicamente de su mano derecha la que se lesion\u00f3 en la pelea con Allakhverdiev. \u00abSi creen que me voy a retirar, pues est\u00e1n muy equivocados quienes as\u00ed piensan&#8230; no cuelgo los guantes todav\u00eda. <\/p>\n<\/p>\n<p>Me siento bien, s\u00f3lo que debo descansar unos cuantos meses\u00bb, apunt\u00f3. El pugilista habl\u00f3 con este reportero -v\u00eda telef\u00f3nica- desde la ciudad de Miami, Florida, donde reside desde hace poco m\u00e1s de a\u00f1o y medio.<\/p>\n<\/p>\n<p>Dijo que \u00abinexplicablemente\u00bb, en su pelea titular con Khabib Allakhverdiev tuvo una seria lesi\u00f3n que le impidi\u00f3 continuar en acci\u00f3n cuando iba a comenzar el octavo asalto. \u00abDigo que fue inexplicable porque yo estaba muy bien, hice unos entrenamientos como nunca&#8230; e incluso en el pesaje oficial hice 138 libras, dos libras por debajo del welter junior\u00bb, apunt\u00f3. Guzm\u00e1n fue en busca de capturar su tercera corona mundialista, pues \u00e9l ha sido monarca en dos divisiones diferentes (s\u00faper gallo y ligero junior).<\/p>\n<\/p>\n<p>Precis\u00f3 que en el momento que se preparaba para atacar a su rival, como suele hacerlo, sufri\u00f3 la seria lesi\u00f3n en una de sus piernas. Pero, adem\u00e1s, tuvo fracturas en su mano derecha, la misma que fue operada meses atr\u00e1s. De manera que tuvo, la fat\u00eddica noche del pasado 30 de noviembre, dos lesiones que ocasionaron que sufriera su primer rev\u00e9s en su exitosa carrera profesional. Su expediente est\u00e1 ahora en 33-1-1 con 20 triunfos por nocaut.<\/p>\n<\/p>\n<p>Volver\u00e1 en mayo<\/p>\n<\/p>\n<p>Guzm\u00e1n dijo que casi seguro volver\u00e1 a pelear en mayo, pero no dio detalles concretos al respecto. \u00abS\u00f3lo les puedo decir que me estoy recuperando y que ya estoy en el gimnasio realizando suaves entrenamientos\u00bb, agreg\u00f3. <\/p>\n<\/p>\n<p>Declar\u00f3 que no se descuida \u00abporque seguir\u00e9 peleando. Que mis detractores no crean que colgar\u00e9 los guantes. Me siento con mucha fuerza para seguir. El boxeo es mi pasi\u00f3n\u00bb, acot\u00f3.<\/p>\n<\/p>\n<p>Dijo que esperar\u00e1 que su promotor, el cubano-estadounidense Henry Rivalta, le d\u00e9 el \u00abokey\u00bb para volver a subir al cuadril\u00e1tero. Tambi\u00e9n asegur\u00f3 que despu\u00e9s de realizar otra pelea, se comenzar\u00e1n a realizar las gestiones de lugar para pedirle al ruso otra revancha. <\/p>\n<\/p>\n<p>\u00abQuiero decir que quiero una revancha con el ruso&#8230; tuve una noche fatal el 30 de noviembre, pero aqu\u00ed estoy, listo para seguir en mi trabajo\u00bb, subray\u00f3 Guzm\u00e1n, quien comenz\u00f3 su carrera profesional en diciembre de 1997 y ya tiene 35 a\u00f1os de edad, pero, postul\u00f3, todav\u00eda no es tiempo para colgar los guantes.<\/p>\n<\/p>\n<p>Quiere la tercera faja mundial<\/p>\n<\/p>\n<p>Joan Guzm\u00e1n no se rinde. Todo lo contrario, su aspiraci\u00f3n -de conquistar una tercera faja mundial- sigue latente. Tras caer ante Allakhverdiev, llovieron los comentarios-cr\u00edticas en su contra.<\/p>\n<\/p>\n<p>Y hasta algunos periodistas llegaron a decir que \u00abya Joan debe colgar los guantes\u00bb, esto a pesar de que su fracaso ante Allakhverdiev es apenas su primera derrota en su positiva historia profesional.<\/p>\n<\/p>\n<p>Pero, afirma, el exdoble monarca del mundo no hace caso a esas cr\u00edticas y precisa: \u00abCreo que todav\u00eda puedo continuar en el boxeo. Y s\u00e9 adem\u00e1s que tengo capacidad para volver a ser campe\u00f3n del mundo\u00bb. Reiter\u00f3 que su fracaso, que fren\u00f3 su anhelo de volver a ser titular mundial, no debe ser \u00f3bice para irse de los ensogados.<\/p>\n<\/p>\n<p>Este periodista, como una forma de motivarlo, le record\u00f3 que varios veteranos p\u00fagiles, con edades que oscilan entre los 38 y los 40 a\u00f1os, -como por ejemplo el estelar peleador mexicano Juan Manuel M\u00e1rquez- siguen en el boxeo activo&#8230; \u00a1y algunos de ellos hasta son campeones! Entonces Guzm\u00e1n dijo que \u00abest\u00e1 claro, por el hecho de no perder esta pelea, y fue porque tuve ese problema de lesi\u00f3n, no significa que debe retirarme\u00bb. <\/p>\n<\/p>\n<p>Aunque el veterano pugilista quisqueyano revel\u00f3 a elCaribe que se volver\u00e1 a calzar los guantes para una pelea en mayo, mientras su promotor, Henry Rivalta, no ha informado nada concreto al respecto. <\/p>\n<\/p>\n<p>Su nueva subida al cuadril\u00e1tero ser\u00eda una especie de \u00abla antesala\u00bb a una pelea de revancha con Allakhverdiev.<\/p>\n<\/p>\n<p>Las lesiones son cosas del pasado para Joan<\/p>\n<\/p>\n<p>El nativo de la barriada de Guachupita, del Distrito Nacional, ratific\u00f3 que las lesiones que sufri\u00f3 en una de sus piernas y en la mano derecha -que ocasionaron su derrota por nocaut t\u00e9cnico en el octavo round- ya no son motivo de preocupaci\u00f3n para \u00e9l. <\/p>\n<\/p>\n<p>Prometi\u00f3 que tan pronto sea anunciada su pr\u00f3xima pelea, la fanaticada dominicana, a trav\u00e9s de los medios noticiosos del pa\u00eds, estar\u00e1 \u00abdebidamente enterada\u00bb.<\/p>\n<\/p>\n<h6> 2013-01-18 14:56:49 <\/h6>\n<p><!--\n<link rel=\"stylesheet\" href=\"css\/bootstrap.min.css\">\n\n\n<ul class=\"pagination\">\n\t    \n\t\n\n<li >\n\t<a href='?page_no=21782'>Previous<\/a>\n\t<\/li>\n\n\n       \n    \n\n<li><a href='?page_no=1'>1<\/a><\/li>\n\n\n\n<li><a href='?page_no=2'>2<\/a><\/li>\n\n\n\n<li><a>...<\/a><\/li>\n\n\n\n<li><a href='?page_no=21781'>21781<\/a><\/li>\n\n\n\n<li><a href='?page_no=21782'>21782<\/a><\/li>\n\n\n\n<li class='active'><a>21783<\/a><\/li>\n\n\n\n<li><a href='?page_no=21784'>21784<\/a><\/li>\n\n\n\n<li><a href='?page_no=21785'>21785<\/a><\/li>\n\n\n\n<li><a>...<\/a><\/li>\n\n\n\n<li><a href='?page_no=36618'>36618<\/a><\/li>\n\n\n\n<li><a href='?page_no=36619'>36619<\/a><\/li>\n\n    \n\t\n\n<li >\n\t<a href='?page_no=21784'>Next<\/a>\n\t<\/li>\n\n\n    \n\n<li><a href='?page_no=36619'>Last &rsaquo;&rsaquo;<\/a><\/li>\n\n<\/ul>\n\n\n--><br \/>\n<\/body><\/p>\n","protected":false},"excerpt":{"rendered":"<p>Santo Domingo RD 18 enero.- El boxeador dominicano Joan Guzm\u00e1n, exdoble campe\u00f3n mundial, revel\u00f3 -en exclusiva para elCaribe-, que no piensa en el retiro, pese a su amarga derrota ante el ruso Khabib Allakhverdiev sufrida el pasado 30 de noviembre y que fren\u00f3 su aspiraci\u00f3n de adue\u00f1arse del t\u00edtulo welter junior de la AMB. Guzm\u00e1n, [&hellip;]<\/p>\n","protected":false},"author":3,"featured_media":0,"comment_status":"open","ping_status":"open","sticky":false,"template":"","format":"standard","meta":{"footnotes":""},"categories":[17],"tags":[],"class_list":["post-214673","post","type-post","status-publish","format-standard","hentry","category-deportes"],"_links":{"self":[{"href":"https:\/\/diariodominicano.com\/index.php?rest_route=\/wp\/v2\/posts\/214673","targetHints":{"allow":["GET"]}}],"collection":[{"href":"https:\/\/diariodominicano.com\/index.php?rest_route=\/wp\/v2\/posts"}],"about":[{"href":"https:\/\/diariodominicano.com\/index.php?rest_route=\/wp\/v2\/types\/post"}],"author":[{"embeddable":true,"href":"https:\/\/diariodominicano.com\/index.php?rest_route=\/wp\/v2\/users\/3"}],"replies":[{"embeddable":true,"href":"https:\/\/diariodominicano.com\/index.php?rest_route=%2Fwp%2Fv2%2Fcomments&post=214673"}],"version-history":[{"count":0,"href":"https:\/\/diariodominicano.com\/index.php?rest_route=\/wp\/v2\/posts\/214673\/revisions"}],"wp:attachment":[{"href":"https:\/\/diariodominicano.com\/index.php?rest_route=%2Fwp%2Fv2%2Fmedia&parent=214673"}],"wp:term":[{"taxonomy":"category","embeddable":true,"href":"https:\/\/diariodominicano.com\/index.php?rest_route=%2Fwp%2Fv2%2Fcategories&post=214673"},{"taxonomy":"post_tag","embeddable":true,"href":"https:\/\/diariodominicano.com\/index.php?rest_route=%2Fwp%2Fv2%2Ftags&post=214673"}],"curies":[{"name":"wp","href":"https:\/\/api.w.org\/{rel}","templated":true}]}}