{"id":214620,"date":"2013-01-24T13:46:09","date_gmt":"2013-01-24T13:46:09","guid":{"rendered":"http:\/\/diariodominicano.ddns.net\/?p=214620"},"modified":"2013-01-24T13:46:09","modified_gmt":"2013-01-24T13:46:09","slug":"el-club-atletico-licey-despide-a-fernando-ravelo","status":"publish","type":"post","link":"https:\/\/diariodominicano.com\/?p=214620","title":{"rendered":"El Club Atl\u00e9tico Licey despide a Fernando Ravelo"},"content":{"rendered":"<p><body><\/p>\n<p>Santo Domingo RD 24 enero.- El Club Atl\u00e9tico Licey cesante\u00f3 ayer a Fernando Jos\u00e9 Ravelo como gerente general de esa franquicia, luego de haber permanecido una docena de a\u00f1os en la importante posici\u00f3n.<\/p>\n<\/p>\n<p>Mediante un comunicado sin firmas, enviado a algunos medios de comunicaci\u00f3n, la entidad expresa que el movimiento forma parte de una gran reingenier\u00eda que desde ya acontece alrededor del conjunto que acaba de finalizar su cuarta campa\u00f1a seguida en que no asiste a la serie final.<\/p>\n<\/p>\n<p>\u00abEl Club Atl\u00e9tico Licey est\u00e1 enfocado en una gran reingenier\u00eda en su departamento de operaciones, espina dorsal y responsable de las estrategias, contrataciones y seguimiento a las operaciones concernientes a los jugadores, dirigentes y coaches del club\u00bb, expresa el comunicado, que aunque no cuenta  con firmantes, si est\u00e1 elaborado en un papel impreso de la importante franquicia.<\/p>\n<\/p>\n<p>En lo adelante la directiva se enfocar\u00e1 en la contrataci\u00f3n de un nuevo gerente general y su staff, los cuales ser\u00e1n anunciados la pr\u00f3xima semana.<\/p>\n<\/p>\n<p>Ayer List\u00edn Diario hizo esfuerzos por comunicarse con Ravelo para conocer su reacci\u00f3n ante el despido, pero no estuvo disponible. Tampoco respondi\u00f3 mensajes en su celular.<\/p>\n<\/p>\n<p>El hasta hoy gerente general del Licey se ha desempe\u00f1ado en la posici\u00f3n por m\u00e1s de una docena de a\u00f1os, habiendo conquistado la corona en cuatro ocasiones y dos veces obtuvo el campeonato del Caribe.<\/p>\n<\/p>\n<p>En un momento de su labor como ejecutivo de Operaciones consigui\u00f3 una hist\u00f3rica seguidilla de asistir a seis series finales seguidas entre los a\u00f1os 2004 y 2009.<\/p>\n<\/p>\n<p>Durante su trayectoria el equipo ha desarrollado una serie de proyectos de acci\u00f3n social y relaciones con la comunidad, as\u00ed como el desarrollo de carreras exitosas de jugadores como Luis Castillo, Ronnie Belliard, Jos\u00e9 Bautista, Ervin Santana, Hanley Ram\u00edrez, Erick Aybar, Emilio Bonifacio entre muchos otros.<\/p>\n<\/p>\n<p>Su padre, Fernando Ravelo, es el actual presidente del equipo, pero tampoco apareci\u00f3 para una reacci\u00f3n del comunicado.<\/p>\n<\/p>\n<h6> 2013-01-24 13:46:09 <\/h6>\n<p><!--\n<link rel=\"stylesheet\" href=\"css\/bootstrap.min.css\">\n\n\n<ul class=\"pagination\">\n\t    \n\t\n\n<li >\n\t<a href='?page_no=21729'>Previous<\/a>\n\t<\/li>\n\n\n       \n    \n\n<li><a href='?page_no=1'>1<\/a><\/li>\n\n\n\n<li><a href='?page_no=2'>2<\/a><\/li>\n\n\n\n<li><a>...<\/a><\/li>\n\n\n\n<li><a href='?page_no=21728'>21728<\/a><\/li>\n\n\n\n<li><a href='?page_no=21729'>21729<\/a><\/li>\n\n\n\n<li class='active'><a>21730<\/a><\/li>\n\n\n\n<li><a href='?page_no=21731'>21731<\/a><\/li>\n\n\n\n<li><a href='?page_no=21732'>21732<\/a><\/li>\n\n\n\n<li><a>...<\/a><\/li>\n\n\n\n<li><a href='?page_no=36618'>36618<\/a><\/li>\n\n\n\n<li><a href='?page_no=36619'>36619<\/a><\/li>\n\n    \n\t\n\n<li >\n\t<a href='?page_no=21731'>Next<\/a>\n\t<\/li>\n\n\n    \n\n<li><a href='?page_no=36619'>Last &rsaquo;&rsaquo;<\/a><\/li>\n\n<\/ul>\n\n\n--><br \/>\n<\/body><\/p>\n","protected":false},"excerpt":{"rendered":"<p>Santo Domingo RD 24 enero.- El Club Atl\u00e9tico Licey cesante\u00f3 ayer a Fernando Jos\u00e9 Ravelo como gerente general de esa franquicia, luego de haber permanecido una docena de a\u00f1os en la importante posici\u00f3n. Mediante un comunicado sin firmas, enviado a algunos medios de comunicaci\u00f3n, la entidad expresa que el movimiento forma parte de una gran [&hellip;]<\/p>\n","protected":false},"author":3,"featured_media":0,"comment_status":"open","ping_status":"open","sticky":false,"template":"","format":"standard","meta":{"footnotes":""},"categories":[17],"tags":[],"class_list":["post-214620","post","type-post","status-publish","format-standard","hentry","category-deportes"],"_links":{"self":[{"href":"https:\/\/diariodominicano.com\/index.php?rest_route=\/wp\/v2\/posts\/214620","targetHints":{"allow":["GET"]}}],"collection":[{"href":"https:\/\/diariodominicano.com\/index.php?rest_route=\/wp\/v2\/posts"}],"about":[{"href":"https:\/\/diariodominicano.com\/index.php?rest_route=\/wp\/v2\/types\/post"}],"author":[{"embeddable":true,"href":"https:\/\/diariodominicano.com\/index.php?rest_route=\/wp\/v2\/users\/3"}],"replies":[{"embeddable":true,"href":"https:\/\/diariodominicano.com\/index.php?rest_route=%2Fwp%2Fv2%2Fcomments&post=214620"}],"version-history":[{"count":0,"href":"https:\/\/diariodominicano.com\/index.php?rest_route=\/wp\/v2\/posts\/214620\/revisions"}],"wp:attachment":[{"href":"https:\/\/diariodominicano.com\/index.php?rest_route=%2Fwp%2Fv2%2Fmedia&parent=214620"}],"wp:term":[{"taxonomy":"category","embeddable":true,"href":"https:\/\/diariodominicano.com\/index.php?rest_route=%2Fwp%2Fv2%2Fcategories&post=214620"},{"taxonomy":"post_tag","embeddable":true,"href":"https:\/\/diariodominicano.com\/index.php?rest_route=%2Fwp%2Fv2%2Ftags&post=214620"}],"curies":[{"name":"wp","href":"https:\/\/api.w.org\/{rel}","templated":true}]}}