{"id":214617,"date":"2013-01-24T15:16:46","date_gmt":"2013-01-24T15:16:46","guid":{"rendered":"http:\/\/diariodominicano.ddns.net\/?p=214617"},"modified":"2013-01-24T15:16:46","modified_gmt":"2013-01-24T15:16:46","slug":"confirman-el-regreso-los-mina-y-villa-duarte-a-basquet-del-distrito","status":"publish","type":"post","link":"https:\/\/diariodominicano.com\/?p=214617","title":{"rendered":"Confirman el regreso Los Mina y Villa Duarte a b\u00e1squet del Distrito"},"content":{"rendered":"<p><body><\/p>\n<p>Santo Domingo RD 24 enero. -Tal como adelant\u00f3 DL la semana pasada, los quintetos representativos de los clubes Los Mina y Villa Duarte regresar\u00e1n al Torneo de Baloncesto Superior del Distrito Nacional, confirm\u00f3 ayer a trav\u00e9s de un comunicado la Asociaci\u00f3n de Baloncesto del Distrito Nacional (Abadina).<\/p>\n<\/p>\n<p>Ram\u00f3n Rodr\u00edguez (El Teacher), presidente de la Abadina, dijo que medida forma parte de los aprestos del nuevo Comit\u00e9 Ejecutivo de la entidad para relanzar el torneo capitale\u00f1o.<\/p>\n<\/p>\n<p>El anuncio fue hecho en una conferencia de prensa organizada por la Abadina, junto a los principales directivos de Los Mina, Tolben J\u00e1quez, Ronny J\u00e1quez y Danilo Mesa; y Andr\u00e9s Liberato, presidente de Calero.<\/p>\n<\/p>\n<p>\u00abS\u00f3lo falta el club Mauricio B\u00e1ez, con cuyos directivos hemos iniciado contactos, para definir la cantidad de equipos que habr\u00e1n de competir en el campeonato y comenzar a dise\u00f1ar el calendario de competencia\u00bb, dijo Rodr\u00edguez.<\/p>\n<\/p>\n<p>El torneo se iniciar\u00e1 el 19 de abril.<\/p>\n<\/p>\n<\/p>\n<\/p>\n<\/p>\n<\/p>\n<\/p>\n<\/p>\n<h6> 2013-01-24 15:16:46 <\/h6>\n<p><!--\n<link rel=\"stylesheet\" href=\"css\/bootstrap.min.css\">\n\n\n<ul class=\"pagination\">\n\t    \n\t\n\n<li >\n\t<a href='?page_no=21726'>Previous<\/a>\n\t<\/li>\n\n\n       \n    \n\n<li><a href='?page_no=1'>1<\/a><\/li>\n\n\n\n<li><a href='?page_no=2'>2<\/a><\/li>\n\n\n\n<li><a>...<\/a><\/li>\n\n\n\n<li><a href='?page_no=21725'>21725<\/a><\/li>\n\n\n\n<li><a href='?page_no=21726'>21726<\/a><\/li>\n\n\n\n<li class='active'><a>21727<\/a><\/li>\n\n\n\n<li><a href='?page_no=21728'>21728<\/a><\/li>\n\n\n\n<li><a href='?page_no=21729'>21729<\/a><\/li>\n\n\n\n<li><a>...<\/a><\/li>\n\n\n\n<li><a href='?page_no=36618'>36618<\/a><\/li>\n\n\n\n<li><a href='?page_no=36619'>36619<\/a><\/li>\n\n    \n\t\n\n<li >\n\t<a href='?page_no=21728'>Next<\/a>\n\t<\/li>\n\n\n    \n\n<li><a href='?page_no=36619'>Last &rsaquo;&rsaquo;<\/a><\/li>\n\n<\/ul>\n\n\n--><br \/>\n<\/body><\/p>\n","protected":false},"excerpt":{"rendered":"<p>Santo Domingo RD 24 enero. -Tal como adelant\u00f3 DL la semana pasada, los quintetos representativos de los clubes Los Mina y Villa Duarte regresar\u00e1n al Torneo de Baloncesto Superior del Distrito Nacional, confirm\u00f3 ayer a trav\u00e9s de un comunicado la Asociaci\u00f3n de Baloncesto del Distrito Nacional (Abadina). Ram\u00f3n Rodr\u00edguez (El Teacher), presidente de la Abadina, [&hellip;]<\/p>\n","protected":false},"author":3,"featured_media":0,"comment_status":"open","ping_status":"open","sticky":false,"template":"","format":"standard","meta":{"footnotes":""},"categories":[17],"tags":[],"class_list":["post-214617","post","type-post","status-publish","format-standard","hentry","category-deportes"],"_links":{"self":[{"href":"https:\/\/diariodominicano.com\/index.php?rest_route=\/wp\/v2\/posts\/214617","targetHints":{"allow":["GET"]}}],"collection":[{"href":"https:\/\/diariodominicano.com\/index.php?rest_route=\/wp\/v2\/posts"}],"about":[{"href":"https:\/\/diariodominicano.com\/index.php?rest_route=\/wp\/v2\/types\/post"}],"author":[{"embeddable":true,"href":"https:\/\/diariodominicano.com\/index.php?rest_route=\/wp\/v2\/users\/3"}],"replies":[{"embeddable":true,"href":"https:\/\/diariodominicano.com\/index.php?rest_route=%2Fwp%2Fv2%2Fcomments&post=214617"}],"version-history":[{"count":0,"href":"https:\/\/diariodominicano.com\/index.php?rest_route=\/wp\/v2\/posts\/214617\/revisions"}],"wp:attachment":[{"href":"https:\/\/diariodominicano.com\/index.php?rest_route=%2Fwp%2Fv2%2Fmedia&parent=214617"}],"wp:term":[{"taxonomy":"category","embeddable":true,"href":"https:\/\/diariodominicano.com\/index.php?rest_route=%2Fwp%2Fv2%2Fcategories&post=214617"},{"taxonomy":"post_tag","embeddable":true,"href":"https:\/\/diariodominicano.com\/index.php?rest_route=%2Fwp%2Fv2%2Ftags&post=214617"}],"curies":[{"name":"wp","href":"https:\/\/api.w.org\/{rel}","templated":true}]}}