{"id":214613,"date":"2013-01-24T20:46:25","date_gmt":"2013-01-24T20:46:25","guid":{"rendered":"http:\/\/diariodominicano.ddns.net\/?p=214613"},"modified":"2013-01-24T20:46:25","modified_gmt":"2013-01-24T20:46:25","slug":"el-dominico-americano-premia-ganadores-del-xxv-maraton-infantil-juvenil","status":"publish","type":"post","link":"https:\/\/diariodominicano.com\/?p=214613","title":{"rendered":"&#13;El Dom\u00ednico Americano premia ganadores del XXV Marat\u00f3n Infantil-Juvenil&#13;"},"content":{"rendered":"<p><body><\/p>\n<\/p>\n<p><span class=\"text1noticias\">Santo Domingo, RD, 24 de enero.- El Dom\u00ednico Americano premi\u00f3 a los ganadores de su XXV Marat\u00f3n Infantil- Juvenil, en el cual los colegios Babeque Primaria, Lux Mundi y San Gabriel de la Dolorosa, fueron los ganadores en la categor\u00eda de Colegios.<\/span><\/p>\n<\/p>\n<p><span class=\"text1noticias\">En la categor\u00eda masculina de 8 a 9 a\u00f1os Hayden Wynter (American School), Derifer Rodr\u00edguez (Arroyo Hondo) y Sebasti\u00e1n Garc\u00eda (Saint Joseph School) fueron los ganadores.<\/span><\/p>\n<\/p>\n<p><span class=\"text1noticias\">La misma categor\u00eda pero versi\u00f3n femenina fue liderada por tres estudiantes del colegio Babeque Primaria, como lo son Sabrina Concepci\u00f3n,  Stephanie Almonte e Isabela Ortiz.<\/span><\/p>\n<\/p>\n<p><span class=\"text1noticias\">En la categor\u00eda 10 a 11 resultaron ganadores Ronald F. Sosa (Consa), Sim\u00f3n Planas (Babeque) y Andr\u00e9s Martineja (Arroyo Hondo).<\/span><\/p>\n<\/p>\n<p><span class=\"text1noticias\">De su lado, Lorenne Rodr\u00edguez (Babeque Primaria), result\u00f3 ganadora de la rama femenina, seguida por su compa\u00f1era de colegio Carla Mu\u00f1iz y Mar\u00eda Jos\u00e9 Castro (Saint Joseph School).<\/span><\/p>\n<\/p>\n<p><span class=\"text1noticias\">Gabriel Alejandro Jacobo encabez\u00f3 el pelot\u00f3n en la categor\u00eda 12 a 13 a\u00f1os (Ergos), seguido por Rafael Matos y Yefri Hern\u00e1ndez, ambos del colegio San Gabriel.<\/span><\/p>\n<\/p>\n<p><span class=\"text1noticias\">De igual forma destacaron en la rama femenina Katherine Garrido (San Gabriel), Yiral Lorenzo (Evang\u00e9lico Central) y Silvia M\u00e9ndez (Santo Domingo).<\/span><\/p>\n<\/p>\n<p><span class=\"text1noticias\">La categor\u00eda 14 a 16 a\u00f1os tuvo en Sebasti\u00e1n Jim\u00e9nez (Lux Mundi), Anthony Ch\u00e1vez (Calasanz) y V\u00edctor Areahire (American School) a sus ganadores.<\/span><\/p>\n<\/p>\n<p><span class=\"text1noticias\">Mientras que en la rama femenina M\u00f3nica Mart\u00ednez e Irene Mendez (Lux Mundi), seguidas de Nelia Montero (San Francisco de As\u00eds), fueron las ganadoras.<\/span><\/p>\n<\/p>\n<p><span class=\"text1noticias\">En esta edici\u00f3n n\u00famero XXV del Marat\u00f3n Infantil &#8211; Juvenil del Colegio Dom\u00ednico Americano, participaron 700 maratonistas de 25 colegios de Santo Domingo.<\/span><\/p>\n<\/p>\n<p><span class=\"text1noticias\">Este evento promueve cada a\u00f1o unir y crear lazos de amistad en  gran parte de la ni\u00f1ez estudiantil urbana, en una actividad de sana recreaci\u00f3n, en la cual resaltan los valores de socializaci\u00f3n, integraci\u00f3n y deportivismo de cada uno de los participantes.<\/span><\/p>\n<\/p>\n<p><span class=\"text1noticias\">El XXV Marat\u00f3n Infantil-Juvenil cont\u00f3 con el apoyo del equipo de seguridad del Instituto Cultural Dom\u00ednico Americano (ICDA), Seguros Universal, AFP Siembra y de la Asociaci\u00f3n de Atletismo del Distrito Nacional.<\/span><\/p>\n<\/p>\n<h6> 2013-01-24 20:46:25 <\/h6>\n<p><!--\n<link rel=\"stylesheet\" href=\"css\/bootstrap.min.css\">\n\n\n<ul class=\"pagination\">\n\t    \n\t\n\n<li >\n\t<a href='?page_no=21722'>Previous<\/a>\n\t<\/li>\n\n\n       \n    \n\n<li><a href='?page_no=1'>1<\/a><\/li>\n\n\n\n<li><a href='?page_no=2'>2<\/a><\/li>\n\n\n\n<li><a>...<\/a><\/li>\n\n\n\n<li><a href='?page_no=21721'>21721<\/a><\/li>\n\n\n\n<li><a href='?page_no=21722'>21722<\/a><\/li>\n\n\n\n<li class='active'><a>21723<\/a><\/li>\n\n\n\n<li><a href='?page_no=21724'>21724<\/a><\/li>\n\n\n\n<li><a href='?page_no=21725'>21725<\/a><\/li>\n\n\n\n<li><a>...<\/a><\/li>\n\n\n\n<li><a href='?page_no=36618'>36618<\/a><\/li>\n\n\n\n<li><a href='?page_no=36619'>36619<\/a><\/li>\n\n    \n\t\n\n<li >\n\t<a href='?page_no=21724'>Next<\/a>\n\t<\/li>\n\n\n    \n\n<li><a href='?page_no=36619'>Last &rsaquo;&rsaquo;<\/a><\/li>\n\n<\/ul>\n\n\n--><br \/>\n<\/body><\/p>\n","protected":false},"excerpt":{"rendered":"<p>Santo Domingo, RD, 24 de enero.- El Dom\u00ednico Americano premi\u00f3 a los ganadores de su XXV Marat\u00f3n Infantil- Juvenil, en el cual los colegios Babeque Primaria, Lux Mundi y San Gabriel de la Dolorosa, fueron los ganadores en la categor\u00eda de Colegios. En la categor\u00eda masculina de 8 a 9 a\u00f1os Hayden Wynter (American School), [&hellip;]<\/p>\n","protected":false},"author":3,"featured_media":0,"comment_status":"open","ping_status":"open","sticky":false,"template":"","format":"standard","meta":{"footnotes":""},"categories":[17],"tags":[],"class_list":["post-214613","post","type-post","status-publish","format-standard","hentry","category-deportes"],"_links":{"self":[{"href":"https:\/\/diariodominicano.com\/index.php?rest_route=\/wp\/v2\/posts\/214613","targetHints":{"allow":["GET"]}}],"collection":[{"href":"https:\/\/diariodominicano.com\/index.php?rest_route=\/wp\/v2\/posts"}],"about":[{"href":"https:\/\/diariodominicano.com\/index.php?rest_route=\/wp\/v2\/types\/post"}],"author":[{"embeddable":true,"href":"https:\/\/diariodominicano.com\/index.php?rest_route=\/wp\/v2\/users\/3"}],"replies":[{"embeddable":true,"href":"https:\/\/diariodominicano.com\/index.php?rest_route=%2Fwp%2Fv2%2Fcomments&post=214613"}],"version-history":[{"count":0,"href":"https:\/\/diariodominicano.com\/index.php?rest_route=\/wp\/v2\/posts\/214613\/revisions"}],"wp:attachment":[{"href":"https:\/\/diariodominicano.com\/index.php?rest_route=%2Fwp%2Fv2%2Fmedia&parent=214613"}],"wp:term":[{"taxonomy":"category","embeddable":true,"href":"https:\/\/diariodominicano.com\/index.php?rest_route=%2Fwp%2Fv2%2Fcategories&post=214613"},{"taxonomy":"post_tag","embeddable":true,"href":"https:\/\/diariodominicano.com\/index.php?rest_route=%2Fwp%2Fv2%2Ftags&post=214613"}],"curies":[{"name":"wp","href":"https:\/\/api.w.org\/{rel}","templated":true}]}}