{"id":214603,"date":"2013-01-25T15:19:29","date_gmt":"2013-01-25T15:19:29","guid":{"rendered":"http:\/\/diariodominicano.ddns.net\/?p=214603"},"modified":"2013-01-25T15:19:29","modified_gmt":"2013-01-25T15:19:29","slug":"no-hay-prisa-para-designar-el-gerente-general-licey","status":"publish","type":"post","link":"https:\/\/diariodominicano.com\/?p=214603","title":{"rendered":"No hay prisa para designar el gerente general Licey"},"content":{"rendered":"<p><body><\/p>\n<p>Santo Domingo RD 25 enero.- La directiva de los Tigres del Licey no tiene prisa para designar el Gerente General y el de Operaciones.<\/p>\n<\/p>\n<p>Miguel Guerra, vicepresidente del club Atl\u00e9tico Licey y candidato a la presidencia, manifest\u00f3 a Diario Libre que \u00abla designaci\u00f3n del gerente general ser\u00e1 uno que la fanaticada se merece\u00bb.<\/p>\n<\/p>\n<p>Y apunt\u00f3 que con \u00abestas designaciones no hay prisa, no vale la pena tomar una decisi\u00f3n a la ligera, vamos a entrevistar la mayor cantidad de gente\u00bb.<\/p>\n<\/p>\n<p>El mi\u00e9rcoles, la Junta Directiva del club Atl\u00e9tico Licey tom\u00f3 la decisi\u00f3n de separar del cargo a Fernando Ravelo.<\/p>\n<\/p>\n<p>Ayer, los seguidores de Miguel Guerra estaban trabajando en la conformaci\u00f3n de la plancha la cual podr\u00eda estar confeccionada hoy.<\/p>\n<\/p>\n<\/p>\n<\/p>\n<\/p>\n<\/p>\n<h6> 2013-01-25 15:19:29 <\/h6>\n<p><!--\n<link rel=\"stylesheet\" href=\"css\/bootstrap.min.css\">\n\n\n<ul class=\"pagination\">\n\t    \n\t\n\n<li >\n\t<a href='?page_no=21712'>Previous<\/a>\n\t<\/li>\n\n\n       \n    \n\n<li><a href='?page_no=1'>1<\/a><\/li>\n\n\n\n<li><a href='?page_no=2'>2<\/a><\/li>\n\n\n\n<li><a>...<\/a><\/li>\n\n\n\n<li><a href='?page_no=21711'>21711<\/a><\/li>\n\n\n\n<li><a href='?page_no=21712'>21712<\/a><\/li>\n\n\n\n<li class='active'><a>21713<\/a><\/li>\n\n\n\n<li><a href='?page_no=21714'>21714<\/a><\/li>\n\n\n\n<li><a href='?page_no=21715'>21715<\/a><\/li>\n\n\n\n<li><a>...<\/a><\/li>\n\n\n\n<li><a href='?page_no=36618'>36618<\/a><\/li>\n\n\n\n<li><a href='?page_no=36619'>36619<\/a><\/li>\n\n    \n\t\n\n<li >\n\t<a href='?page_no=21714'>Next<\/a>\n\t<\/li>\n\n\n    \n\n<li><a href='?page_no=36619'>Last &rsaquo;&rsaquo;<\/a><\/li>\n\n<\/ul>\n\n\n--><br \/>\n<\/body><\/p>\n","protected":false},"excerpt":{"rendered":"<p>Santo Domingo RD 25 enero.- La directiva de los Tigres del Licey no tiene prisa para designar el Gerente General y el de Operaciones. Miguel Guerra, vicepresidente del club Atl\u00e9tico Licey y candidato a la presidencia, manifest\u00f3 a Diario Libre que \u00abla designaci\u00f3n del gerente general ser\u00e1 uno que la fanaticada se merece\u00bb. Y apunt\u00f3 [&hellip;]<\/p>\n","protected":false},"author":3,"featured_media":0,"comment_status":"open","ping_status":"open","sticky":false,"template":"","format":"standard","meta":{"footnotes":""},"categories":[17],"tags":[],"class_list":["post-214603","post","type-post","status-publish","format-standard","hentry","category-deportes"],"_links":{"self":[{"href":"https:\/\/diariodominicano.com\/index.php?rest_route=\/wp\/v2\/posts\/214603","targetHints":{"allow":["GET"]}}],"collection":[{"href":"https:\/\/diariodominicano.com\/index.php?rest_route=\/wp\/v2\/posts"}],"about":[{"href":"https:\/\/diariodominicano.com\/index.php?rest_route=\/wp\/v2\/types\/post"}],"author":[{"embeddable":true,"href":"https:\/\/diariodominicano.com\/index.php?rest_route=\/wp\/v2\/users\/3"}],"replies":[{"embeddable":true,"href":"https:\/\/diariodominicano.com\/index.php?rest_route=%2Fwp%2Fv2%2Fcomments&post=214603"}],"version-history":[{"count":0,"href":"https:\/\/diariodominicano.com\/index.php?rest_route=\/wp\/v2\/posts\/214603\/revisions"}],"wp:attachment":[{"href":"https:\/\/diariodominicano.com\/index.php?rest_route=%2Fwp%2Fv2%2Fmedia&parent=214603"}],"wp:term":[{"taxonomy":"category","embeddable":true,"href":"https:\/\/diariodominicano.com\/index.php?rest_route=%2Fwp%2Fv2%2Fcategories&post=214603"},{"taxonomy":"post_tag","embeddable":true,"href":"https:\/\/diariodominicano.com\/index.php?rest_route=%2Fwp%2Fv2%2Ftags&post=214603"}],"curies":[{"name":"wp","href":"https:\/\/api.w.org\/{rel}","templated":true}]}}