{"id":214593,"date":"2013-01-26T16:29:37","date_gmt":"2013-01-26T16:29:37","guid":{"rendered":"http:\/\/diariodominicano.ddns.net\/?p=214593"},"modified":"2013-01-26T16:29:37","modified_gmt":"2013-01-26T16:29:37","slug":"alex-rodriguez-podria-no-jugar-en-la-temporada-del-2013","status":"publish","type":"post","link":"https:\/\/diariodominicano.com\/?p=214593","title":{"rendered":"Alex Rodr\u00edguez podr\u00eda no jugar en la temporada del 2013"},"content":{"rendered":"<p><body><\/p>\n<p>Nueva York 26 enero.- Aunque Alex Rodr\u00edguez espera volver al terreno de juego despu\u00e9s del receso del Juego de Estrellas, el gerente general de los Yankees, Brian Cashman, reconoci\u00f3 en una entrevista con la emisora de radio WFAN que el veterano podr\u00eda perderse toda la temporada.<\/p>\n<\/p>\n<p>Rodr\u00edguez, de 37 a\u00f1os de edad, fue operado de la cadera izquierda el 16 de enero. Inicialmente, se esperaba que se perdiera aproximadamente seis meses.<\/p>\n<\/p>\n<p>Al pregunt\u00e1rsele si existe la posibilidad de que ARod no vea acci\u00f3n en el 2013, Cashman respondi\u00f3, \u00abS\u00ed. Creo que, dada la gravedad de la cirug\u00eda y el problema del cual se est\u00e1 tratando de recuperar, es posible\u00bb.<\/p>\n<\/p>\n<p>Rodr\u00edguez bate\u00f3 para .27 2con 18 jonrones y 57 remolcadas durante la temporada regular el a\u00f1o pasado, pero se fue de 25-3 en la postemporada.<\/p>\n<\/p>\n<p>Este invierno, los Yankees firmaron al veterano Kevin Youkilis a un contrato de un a\u00f1o con el fin de que reemplace a Rodr\u00edguez durante su recuperaci\u00f3n.<\/p>\n<\/p>\n<h6> 2013-01-26 16:29:37 <\/h6>\n<p><!--\n<link rel=\"stylesheet\" href=\"css\/bootstrap.min.css\">\n\n\n<ul class=\"pagination\">\n\t    \n\t\n\n<li >\n\t<a href='?page_no=21702'>Previous<\/a>\n\t<\/li>\n\n\n       \n    \n\n<li><a href='?page_no=1'>1<\/a><\/li>\n\n\n\n<li><a href='?page_no=2'>2<\/a><\/li>\n\n\n\n<li><a>...<\/a><\/li>\n\n\n\n<li><a href='?page_no=21701'>21701<\/a><\/li>\n\n\n\n<li><a href='?page_no=21702'>21702<\/a><\/li>\n\n\n\n<li class='active'><a>21703<\/a><\/li>\n\n\n\n<li><a href='?page_no=21704'>21704<\/a><\/li>\n\n\n\n<li><a href='?page_no=21705'>21705<\/a><\/li>\n\n\n\n<li><a>...<\/a><\/li>\n\n\n\n<li><a href='?page_no=36618'>36618<\/a><\/li>\n\n\n\n<li><a href='?page_no=36619'>36619<\/a><\/li>\n\n    \n\t\n\n<li >\n\t<a href='?page_no=21704'>Next<\/a>\n\t<\/li>\n\n\n    \n\n<li><a href='?page_no=36619'>Last &rsaquo;&rsaquo;<\/a><\/li>\n\n<\/ul>\n\n\n--><br \/>\n<\/body><\/p>\n","protected":false},"excerpt":{"rendered":"<p>Nueva York 26 enero.- Aunque Alex Rodr\u00edguez espera volver al terreno de juego despu\u00e9s del receso del Juego de Estrellas, el gerente general de los Yankees, Brian Cashman, reconoci\u00f3 en una entrevista con la emisora de radio WFAN que el veterano podr\u00eda perderse toda la temporada. Rodr\u00edguez, de 37 a\u00f1os de edad, fue operado de [&hellip;]<\/p>\n","protected":false},"author":3,"featured_media":0,"comment_status":"open","ping_status":"open","sticky":false,"template":"","format":"standard","meta":{"footnotes":""},"categories":[17],"tags":[],"class_list":["post-214593","post","type-post","status-publish","format-standard","hentry","category-deportes"],"_links":{"self":[{"href":"https:\/\/diariodominicano.com\/index.php?rest_route=\/wp\/v2\/posts\/214593","targetHints":{"allow":["GET"]}}],"collection":[{"href":"https:\/\/diariodominicano.com\/index.php?rest_route=\/wp\/v2\/posts"}],"about":[{"href":"https:\/\/diariodominicano.com\/index.php?rest_route=\/wp\/v2\/types\/post"}],"author":[{"embeddable":true,"href":"https:\/\/diariodominicano.com\/index.php?rest_route=\/wp\/v2\/users\/3"}],"replies":[{"embeddable":true,"href":"https:\/\/diariodominicano.com\/index.php?rest_route=%2Fwp%2Fv2%2Fcomments&post=214593"}],"version-history":[{"count":0,"href":"https:\/\/diariodominicano.com\/index.php?rest_route=\/wp\/v2\/posts\/214593\/revisions"}],"wp:attachment":[{"href":"https:\/\/diariodominicano.com\/index.php?rest_route=%2Fwp%2Fv2%2Fmedia&parent=214593"}],"wp:term":[{"taxonomy":"category","embeddable":true,"href":"https:\/\/diariodominicano.com\/index.php?rest_route=%2Fwp%2Fv2%2Fcategories&post=214593"},{"taxonomy":"post_tag","embeddable":true,"href":"https:\/\/diariodominicano.com\/index.php?rest_route=%2Fwp%2Fv2%2Ftags&post=214593"}],"curies":[{"name":"wp","href":"https:\/\/api.w.org\/{rel}","templated":true}]}}