{"id":214588,"date":"2013-01-26T19:43:32","date_gmt":"2013-01-26T19:43:32","guid":{"rendered":"http:\/\/diariodominicano.ddns.net\/?p=214588"},"modified":"2013-01-26T19:43:32","modified_gmt":"2013-01-26T19:43:32","slug":"medio-y-deporte-del-cod-presenta-calendario","status":"publish","type":"post","link":"https:\/\/diariodominicano.com\/?p=214588","title":{"rendered":"Medio y deporte del COD presenta calendario"},"content":{"rendered":"<p><body><\/p>\n<p><span class=\"text1noticias\">Rep. Dom. 26 de Enero.-La Comisi\u00f3n Medio Ambiente y Deporte, del Comit\u00e9 Ol\u00edmpico Dominicano (COD) present\u00f3 un calendario ilustrativo 2013, el cual contiene textos y fotos sobre las actividades realizadas durante  a\u00f1o 2012.<\/span><\/p>\n<\/p>\n<p><span class=\"text1noticias\">El acto de presentaci\u00f3n estuvo encabezado por la licenciada Felicita Heredia, quien preside la Comisi\u00f3n Medio Ambiente y Deporte del COD. La actividad form\u00f3 parte del programa desarrollado durante el encuentro que llev\u00f3 a cabo el COD con las federaciones deportivas nacionales.<\/span><\/p>\n<\/p>\n<p><span class=\"text1noticias\">Cada participante en el encuentro recibi\u00f3 un ejemplar del calendario 2013, el cual fue confeccionado en tres tama\u00f1os diferentes.<\/span><\/p>\n<\/p>\n<p><span class=\"text1noticias\">Heredia estuvo acompa\u00f1ada de Guadalupe Ruiz, Tamara Valdez y N\u00e9stor Puentes, quienes tambi\u00e9n forman parte del equipo de trabajo de la Comisi\u00f3n Medio Ambiente y Deporte del COD.<\/span><\/p>\n<\/p>\n<p><span class=\"text1noticias\">El calendario fue recibido por el doctor Bol\u00edvar Vargas Candelario, miembro del ejecutivo de la Federaci\u00f3n Dominicana de Levantamiento de Pesas, en nombre de los delegados de las federaciones. Adem\u00e1s estuvieron presentes Luis Mej\u00eda y Antonio Acosta, presidente y secretario general, respectivamente, del COD.<\/span><\/p>\n<\/p>\n<p><span class=\"text1noticias\">Con un total de 14 p\u00e1ginas, el calendario contiene una portada en donde recomienda a cuidar el planeta. Las dem\u00e1s tienen mensajes alusivos sobre la ecolog\u00eda y recomendaci\u00f3n de lugares, como el Lago Enriquillo, en torno a su importancia y el papel que desempe\u00f1an para la fauna.<\/span><\/p>\n<\/p>\n<p><span class=\"text1noticias\">\u00abNuestro prop\u00f3sito en trabajar a favor de la conservaci\u00f3n del medio ambiente, hacer conciencia de la importancia de cuidar el planeta\u00bb, sostuvo Felicita Heredia.<\/span><\/p>\n<\/p>\n<p><span class=\"text1noticias\">Representantes de las federaciones a atletismo, arte y cultura, arquer\u00eda, b\u00e1dminton, baloncesto, balonmano, b\u00e9isbol, boliche, boxeo, ciclismo, esgrima, f\u00fatbol, gimnasia, golf, hockey sobre c\u00e9sped, judo, karate, levantamiento de pesas, lucha, medicina deportiva, nataci\u00f3n y patinaje, recibieron un calendario.<\/span><\/p>\n<\/p>\n<p><span class=\"text1noticias\">La entrega tambi\u00e9n incluy\u00f3 a los miembros de pentatl\u00f3n moderno, surf, taekwondo, tenis de mesa, tenis, tiro al plato, voleibol, vela, clubes y wushu.(HG)<\/span>.<\/p>\n<\/p>\n<h6> 2013-01-26 19:43:32 <\/h6>\n<p><!--\n<link rel=\"stylesheet\" href=\"css\/bootstrap.min.css\">\n\n\n<ul class=\"pagination\">\n\t    \n\t\n\n<li >\n\t<a href='?page_no=21697'>Previous<\/a>\n\t<\/li>\n\n\n       \n    \n\n<li><a href='?page_no=1'>1<\/a><\/li>\n\n\n\n<li><a href='?page_no=2'>2<\/a><\/li>\n\n\n\n<li><a>...<\/a><\/li>\n\n\n\n<li><a href='?page_no=21696'>21696<\/a><\/li>\n\n\n\n<li><a href='?page_no=21697'>21697<\/a><\/li>\n\n\n\n<li class='active'><a>21698<\/a><\/li>\n\n\n\n<li><a href='?page_no=21699'>21699<\/a><\/li>\n\n\n\n<li><a href='?page_no=21700'>21700<\/a><\/li>\n\n\n\n<li><a>...<\/a><\/li>\n\n\n\n<li><a href='?page_no=36618'>36618<\/a><\/li>\n\n\n\n<li><a href='?page_no=36619'>36619<\/a><\/li>\n\n    \n\t\n\n<li >\n\t<a href='?page_no=21699'>Next<\/a>\n\t<\/li>\n\n\n    \n\n<li><a href='?page_no=36619'>Last &rsaquo;&rsaquo;<\/a><\/li>\n\n<\/ul>\n\n\n--><br \/>\n<\/body><\/p>\n","protected":false},"excerpt":{"rendered":"<p>Rep. Dom. 26 de Enero.-La Comisi\u00f3n Medio Ambiente y Deporte, del Comit\u00e9 Ol\u00edmpico Dominicano (COD) present\u00f3 un calendario ilustrativo 2013, el cual contiene textos y fotos sobre las actividades realizadas durante a\u00f1o 2012. El acto de presentaci\u00f3n estuvo encabezado por la licenciada Felicita Heredia, quien preside la Comisi\u00f3n Medio Ambiente y Deporte del COD. La [&hellip;]<\/p>\n","protected":false},"author":3,"featured_media":0,"comment_status":"open","ping_status":"open","sticky":false,"template":"","format":"standard","meta":{"footnotes":""},"categories":[17],"tags":[],"class_list":["post-214588","post","type-post","status-publish","format-standard","hentry","category-deportes"],"_links":{"self":[{"href":"https:\/\/diariodominicano.com\/index.php?rest_route=\/wp\/v2\/posts\/214588","targetHints":{"allow":["GET"]}}],"collection":[{"href":"https:\/\/diariodominicano.com\/index.php?rest_route=\/wp\/v2\/posts"}],"about":[{"href":"https:\/\/diariodominicano.com\/index.php?rest_route=\/wp\/v2\/types\/post"}],"author":[{"embeddable":true,"href":"https:\/\/diariodominicano.com\/index.php?rest_route=\/wp\/v2\/users\/3"}],"replies":[{"embeddable":true,"href":"https:\/\/diariodominicano.com\/index.php?rest_route=%2Fwp%2Fv2%2Fcomments&post=214588"}],"version-history":[{"count":0,"href":"https:\/\/diariodominicano.com\/index.php?rest_route=\/wp\/v2\/posts\/214588\/revisions"}],"wp:attachment":[{"href":"https:\/\/diariodominicano.com\/index.php?rest_route=%2Fwp%2Fv2%2Fmedia&parent=214588"}],"wp:term":[{"taxonomy":"category","embeddable":true,"href":"https:\/\/diariodominicano.com\/index.php?rest_route=%2Fwp%2Fv2%2Fcategories&post=214588"},{"taxonomy":"post_tag","embeddable":true,"href":"https:\/\/diariodominicano.com\/index.php?rest_route=%2Fwp%2Fv2%2Ftags&post=214588"}],"curies":[{"name":"wp","href":"https:\/\/api.w.org\/{rel}","templated":true}]}}